{"id":8852,"date":"2026-04-29T11:11:33","date_gmt":"2026-04-29T14:11:33","guid":{"rendered":"https:\/\/tododeporteynoticiasuruguay.com.uy\/new\/?p=8852"},"modified":"2026-04-29T11:11:33","modified_gmt":"2026-04-29T14:11:33","slug":"cynthia-cor-el-sentir-del-candombe-en-el-dia-internacional-de-la-danza","status":"publish","type":"post","link":"https:\/\/tododeporteynoticiasuruguay.com.uy\/new\/2026\/04\/29\/cynthia-cor-el-sentir-del-candombe-en-el-dia-internacional-de-la-danza\/","title":{"rendered":"Cynthia Cor: el sentir del candombe en el D\u00eda Internacional de la Danza"},"content":{"rendered":"\n<p>La destacada figura del Carnaval uruguayo celebr\u00f3 la jornada reivindicando el baile como un lenguaje del alma y un pilar de la identidad cultural nacional.<br>El 29 de abril se celebra en todo el mundo el D\u00eda Internacional de la Danza, una fecha establecida por la UNESCO para poner en valor esta disciplina art\u00edstica. En Uruguay, la jornada adquiere un matiz propio vinculado a nuestras ra\u00edces, y figuras como Cynthia Cor aprovechan la ocasi\u00f3n para visibilizar el rol de la danza en la construcci\u00f3n de identidad.<\/p>\n\n\n\n<p>Cor, reconocida por su trayectoria en el Carnaval uruguayo como \u00abMam\u00e1 Vedette\u00bb y \u00abdestaque de carro\u00bb, ha formado parte de agrupaciones de renombre como Laro Candombe y Mombasa. A trav\u00e9s de sus plataformas digitales, donde mantiene una presencia activa, la bailarina comparti\u00f3 un mensaje que resume la esencia de su profesi\u00f3n: \u00abBailar es la forma que tiene mi alma de hablar cuando las palabras no alcanzan\u00bb.<\/p>\n\n\n\n<p>Cultura y redes sociales<br>M\u00e1s all\u00e1 de las lonjas y el asfalto de las Llamadas, Cor se ha consolidado como una referente de la danza en el \u00e1mbito digital. En redes como TikTok e Instagram, la artista no solo difunde la t\u00e9cnica del candombe, sino que tambi\u00e9n humaniza la figura de la bailarina de carnaval, compartiendo la dedicaci\u00f3n y el trasfondo personal que conlleva esta expresi\u00f3n art\u00edstica.<\/p>\n\n\n\n<p>Su participaci\u00f3n en diversas producciones audiovisuales y desfiles la posiciona como una de las exponentes actuales que mantienen viva la tradici\u00f3n del baile rioplatense, adapt\u00e1ndola a las nuevas formas de comunicaci\u00f3n y consumo cultural.<\/p>\n","protected":false},"excerpt":{"rendered":"<p>La destacada figura del Carnaval uruguayo celebr\u00f3 la jornada reivindicando el baile como un lenguaje del alma y un pilar de la identidad cultural nacional.El 29 de abril se celebra en todo el mundo el D\u00eda Internacional de la Danza, una fecha establecida por la UNESCO para poner en valor esta disciplina art\u00edstica. En Uruguay, [&hellip;]<\/p>\n","protected":false},"author":2,"featured_media":8853,"comment_status":"closed","ping_status":"closed","sticky":false,"template":"","format":"standard","meta":{"pagelayer_contact_templates":[],"_pagelayer_content":"","footnotes":""},"categories":[612],"tags":[4404,6616,4448,1139,242],"class_list":["post-8852","post","type-post","status-publish","format-standard","has-post-thumbnail","hentry","category-cultura","tag-candombe","tag-cynthia-cor","tag-danza","tag-dia","tag-uruguay"],"amp_enabled":true,"_links":{"self":[{"href":"https:\/\/tododeporteynoticiasuruguay.com.uy\/new\/wp-json\/wp\/v2\/posts\/8852","targetHints":{"allow":["GET"]}}],"collection":[{"href":"https:\/\/tododeporteynoticiasuruguay.com.uy\/new\/wp-json\/wp\/v2\/posts"}],"about":[{"href":"https:\/\/tododeporteynoticiasuruguay.com.uy\/new\/wp-json\/wp\/v2\/types\/post"}],"author":[{"embeddable":true,"href":"https:\/\/tododeporteynoticiasuruguay.com.uy\/new\/wp-json\/wp\/v2\/users\/2"}],"replies":[{"embeddable":true,"href":"https:\/\/tododeporteynoticiasuruguay.com.uy\/new\/wp-json\/wp\/v2\/comments?post=8852"}],"version-history":[{"count":1,"href":"https:\/\/tododeporteynoticiasuruguay.com.uy\/new\/wp-json\/wp\/v2\/posts\/8852\/revisions"}],"predecessor-version":[{"id":8854,"href":"https:\/\/tododeporteynoticiasuruguay.com.uy\/new\/wp-json\/wp\/v2\/posts\/8852\/revisions\/8854"}],"wp:featuredmedia":[{"embeddable":true,"href":"https:\/\/tododeporteynoticiasuruguay.com.uy\/new\/wp-json\/wp\/v2\/media\/8853"}],"wp:attachment":[{"href":"https:\/\/tododeporteynoticiasuruguay.com.uy\/new\/wp-json\/wp\/v2\/media?parent=8852"}],"wp:term":[{"taxonomy":"category","embeddable":true,"href":"https:\/\/tododeporteynoticiasuruguay.com.uy\/new\/wp-json\/wp\/v2\/categories?post=8852"},{"taxonomy":"post_tag","embeddable":true,"href":"https:\/\/tododeporteynoticiasuruguay.com.uy\/new\/wp-json\/wp\/v2\/tags?post=8852"}],"curies":[{"name":"wp","href":"https:\/\/api.w.org\/{rel}","templated":true}]}}