{"id":8849,"date":"2026-04-29T10:55:03","date_gmt":"2026-04-29T13:55:03","guid":{"rendered":"https:\/\/tododeporteynoticiasuruguay.com.uy\/new\/?p=8849"},"modified":"2026-04-29T10:55:04","modified_gmt":"2026-04-29T13:55:04","slug":"salto-se-moviliza-este-jueves-con-una-nueva-edicion-de-la-jornada-solidaria-cafe-amigo","status":"publish","type":"post","link":"https:\/\/tododeporteynoticiasuruguay.com.uy\/new\/2026\/04\/29\/salto-se-moviliza-este-jueves-con-una-nueva-edicion-de-la-jornada-solidaria-cafe-amigo\/","title":{"rendered":"Salto se moviliza este jueves con una nueva edici\u00f3n de la jornada solidaria \u00abCaf\u00e9 Amigo\u00bb"},"content":{"rendered":"\n<p>La iniciativa busca recaudar fondos para el Grupo Oncol\u00f3gico Vivir Mejor. Durante toda la jornada del 7 de mayo, lo recaudado por la venta de caf\u00e9 en los locales adheridos ser\u00e1 destinado \u00edntegramente a la organizaci\u00f3n.<br>Este jueves 7 de mayo, el departamento de Salto llevar\u00e1 a cabo una nueva edici\u00f3n de \u00abCaf\u00e9 Amigo\u00bb, una propuesta solidaria que involucra a cafeter\u00edas, comercios y a la sociedad civil en apoyo a la lucha contra el c\u00e1ncer.<\/p>\n\n\n\n<p>La din\u00e1mica de la jornada consiste en que los establecimientos participantes donar\u00e1n el total de las ventas de caf\u00e9 realizadas durante el d\u00eda al Grupo Oncol\u00f3gico Vivir Mejor. Esta organizaci\u00f3n cumple un rol fundamental en el departamento, brindando asistencia y contenci\u00f3n a pacientes oncol\u00f3gicos y sus familias.<\/p>\n\n\n\n<p>Desde la organizaci\u00f3n se invit\u00f3 a los salte\u00f1os a participar activamente acerc\u00e1ndose a los locales identificados con la campa\u00f1a. \u00abUn peque\u00f1o gesto puede hacer una gran diferencia\u00bb, se\u00f1alaron, subrayando la importancia de la colaboraci\u00f3n comunitaria para el sostenimiento de los servicios que brinda la instituci\u00f3n beneficiada.<\/p>\n\n\n\n<p>Hasta el momento, diversos puntos gastron\u00f3micos de la ciudad han confirmado su adhesi\u00f3n, convirtiendo la jornada en un evento clave de la agenda social y solidaria del departamento.<\/p>\n","protected":false},"excerpt":{"rendered":"<p>La iniciativa busca recaudar fondos para el Grupo Oncol\u00f3gico Vivir Mejor. Durante toda la jornada del 7 de mayo, lo recaudado por la venta de caf\u00e9 en los locales adheridos ser\u00e1 destinado \u00edntegramente a la organizaci\u00f3n.Este jueves 7 de mayo, el departamento de Salto llevar\u00e1 a cabo una nueva edici\u00f3n de \u00abCaf\u00e9 Amigo\u00bb, una propuesta [&hellip;]<\/p>\n","protected":false},"author":2,"featured_media":8850,"comment_status":"closed","ping_status":"closed","sticky":false,"template":"","format":"standard","meta":{"pagelayer_contact_templates":[],"_pagelayer_content":"","footnotes":""},"categories":[5703],"tags":[6615,6614,606],"class_list":["post-8849","post","type-post","status-publish","format-standard","has-post-thumbnail","hentry","category-departamentales","tag-amigo","tag-cafe","tag-salto"],"amp_enabled":true,"_links":{"self":[{"href":"https:\/\/tododeporteynoticiasuruguay.com.uy\/new\/wp-json\/wp\/v2\/posts\/8849","targetHints":{"allow":["GET"]}}],"collection":[{"href":"https:\/\/tododeporteynoticiasuruguay.com.uy\/new\/wp-json\/wp\/v2\/posts"}],"about":[{"href":"https:\/\/tododeporteynoticiasuruguay.com.uy\/new\/wp-json\/wp\/v2\/types\/post"}],"author":[{"embeddable":true,"href":"https:\/\/tododeporteynoticiasuruguay.com.uy\/new\/wp-json\/wp\/v2\/users\/2"}],"replies":[{"embeddable":true,"href":"https:\/\/tododeporteynoticiasuruguay.com.uy\/new\/wp-json\/wp\/v2\/comments?post=8849"}],"version-history":[{"count":1,"href":"https:\/\/tododeporteynoticiasuruguay.com.uy\/new\/wp-json\/wp\/v2\/posts\/8849\/revisions"}],"predecessor-version":[{"id":8851,"href":"https:\/\/tododeporteynoticiasuruguay.com.uy\/new\/wp-json\/wp\/v2\/posts\/8849\/revisions\/8851"}],"wp:featuredmedia":[{"embeddable":true,"href":"https:\/\/tododeporteynoticiasuruguay.com.uy\/new\/wp-json\/wp\/v2\/media\/8850"}],"wp:attachment":[{"href":"https:\/\/tododeporteynoticiasuruguay.com.uy\/new\/wp-json\/wp\/v2\/media?parent=8849"}],"wp:term":[{"taxonomy":"category","embeddable":true,"href":"https:\/\/tododeporteynoticiasuruguay.com.uy\/new\/wp-json\/wp\/v2\/categories?post=8849"},{"taxonomy":"post_tag","embeddable":true,"href":"https:\/\/tododeporteynoticiasuruguay.com.uy\/new\/wp-json\/wp\/v2\/tags?post=8849"}],"curies":[{"name":"wp","href":"https:\/\/api.w.org\/{rel}","templated":true}]}}