{"id":8846,"date":"2026-04-29T10:47:12","date_gmt":"2026-04-29T13:47:12","guid":{"rendered":"https:\/\/tododeporteynoticiasuruguay.com.uy\/new\/?p=8846"},"modified":"2026-04-29T10:47:13","modified_gmt":"2026-04-29T13:47:13","slug":"artigas-emprendedores-locales-se-capacitan-en-formalizacion-y-registro-de-marca","status":"publish","type":"post","link":"https:\/\/tododeporteynoticiasuruguay.com.uy\/new\/2026\/04\/29\/artigas-emprendedores-locales-se-capacitan-en-formalizacion-y-registro-de-marca\/","title":{"rendered":"Artigas: Emprendedores locales se capacitan en formalizaci\u00f3n y registro de marca"},"content":{"rendered":"\n<p>La actividad, enfocada en el sector tur\u00edstico y peque\u00f1as empresas, brind\u00f3 herramientas t\u00e9cnicas para el desarrollo legal y comercial de proyectos en el departamento.<br>En el marco de las pol\u00edticas de apoyo al sector productivo en el norte del pa\u00eds, se llev\u00f3 a cabo en la ciudad de Artigas un taller pr\u00e1ctico dise\u00f1ado espec\u00edficamente para emprendedores y micro, peque\u00f1as y medianas empresas (MIPYMES). La jornada tuvo como ejes centrales la formalizaci\u00f3n de negocios, el registro de marca y el cumplimiento de la normativa vigente para el sector tur\u00edstico.<\/p>\n\n\n\n<p>Durante la actividad, los participantes recibieron asesoramiento t\u00e9cnico sobre los pasos necesarios para operar dentro del marco legal uruguayo. Se hizo especial \u00e9nfasis en la importancia de la identidad comercial a trav\u00e9s del registro de marcas, as\u00ed como en los requisitos espec\u00edficos que el Ministerio de Turismo y otros organismos de control exigen para la prestaci\u00f3n de servicios en este rubro.<\/p>\n\n\n\n<p>El taller no solo busc\u00f3 evacuar dudas administrativas, sino tambi\u00e9n fortalecer la competitividad de la oferta local, permitiendo que los proyectos artiguenses accedan a beneficios de formalizaci\u00f3n y logren una mayor proyecci\u00f3n en el mercado nacional.<\/p>\n","protected":false},"excerpt":{"rendered":"<p>La actividad, enfocada en el sector tur\u00edstico y peque\u00f1as empresas, brind\u00f3 herramientas t\u00e9cnicas para el desarrollo legal y comercial de proyectos en el departamento.En el marco de las pol\u00edticas de apoyo al sector productivo en el norte del pa\u00eds, se llev\u00f3 a cabo en la ciudad de Artigas un taller pr\u00e1ctico dise\u00f1ado espec\u00edficamente para emprendedores [&hellip;]<\/p>\n","protected":false},"author":2,"featured_media":8847,"comment_status":"closed","ping_status":"closed","sticky":false,"template":"","format":"standard","meta":{"pagelayer_contact_templates":[],"_pagelayer_content":"","footnotes":""},"categories":[5703],"tags":[355,1000,1292,2876,6613,1778,242],"class_list":["post-8846","post","type-post","status-publish","format-standard","has-post-thumbnail","hentry","category-departamentales","tag-artigas","tag-capacitacion","tag-emprendedores","tag-formalizacion","tag-marca","tag-registro","tag-uruguay"],"amp_enabled":true,"_links":{"self":[{"href":"https:\/\/tododeporteynoticiasuruguay.com.uy\/new\/wp-json\/wp\/v2\/posts\/8846","targetHints":{"allow":["GET"]}}],"collection":[{"href":"https:\/\/tododeporteynoticiasuruguay.com.uy\/new\/wp-json\/wp\/v2\/posts"}],"about":[{"href":"https:\/\/tododeporteynoticiasuruguay.com.uy\/new\/wp-json\/wp\/v2\/types\/post"}],"author":[{"embeddable":true,"href":"https:\/\/tododeporteynoticiasuruguay.com.uy\/new\/wp-json\/wp\/v2\/users\/2"}],"replies":[{"embeddable":true,"href":"https:\/\/tododeporteynoticiasuruguay.com.uy\/new\/wp-json\/wp\/v2\/comments?post=8846"}],"version-history":[{"count":1,"href":"https:\/\/tododeporteynoticiasuruguay.com.uy\/new\/wp-json\/wp\/v2\/posts\/8846\/revisions"}],"predecessor-version":[{"id":8848,"href":"https:\/\/tododeporteynoticiasuruguay.com.uy\/new\/wp-json\/wp\/v2\/posts\/8846\/revisions\/8848"}],"wp:featuredmedia":[{"embeddable":true,"href":"https:\/\/tododeporteynoticiasuruguay.com.uy\/new\/wp-json\/wp\/v2\/media\/8847"}],"wp:attachment":[{"href":"https:\/\/tododeporteynoticiasuruguay.com.uy\/new\/wp-json\/wp\/v2\/media?parent=8846"}],"wp:term":[{"taxonomy":"category","embeddable":true,"href":"https:\/\/tododeporteynoticiasuruguay.com.uy\/new\/wp-json\/wp\/v2\/categories?post=8846"},{"taxonomy":"post_tag","embeddable":true,"href":"https:\/\/tododeporteynoticiasuruguay.com.uy\/new\/wp-json\/wp\/v2\/tags?post=8846"}],"curies":[{"name":"wp","href":"https:\/\/api.w.org\/{rel}","templated":true}]}}