{"id":8842,"date":"2026-04-29T10:42:14","date_gmt":"2026-04-29T13:42:14","guid":{"rendered":"https:\/\/tododeporteynoticiasuruguay.com.uy\/new\/?p=8842"},"modified":"2026-04-29T10:42:15","modified_gmt":"2026-04-29T13:42:15","slug":"mtss-y-academia-analizan-el-impacto-de-la-reduccion-de-la-jornada-laboral-en-la-salud-de-los-trabajadores","status":"publish","type":"post","link":"https:\/\/tododeporteynoticiasuruguay.com.uy\/new\/2026\/04\/29\/mtss-y-academia-analizan-el-impacto-de-la-reduccion-de-la-jornada-laboral-en-la-salud-de-los-trabajadores\/","title":{"rendered":"MTSS y academia analizan el impacto de la reducci\u00f3n de la jornada laboral en la salud de los trabajadores"},"content":{"rendered":"\n<p>MTSS y academia analizan el impacto de la reducci\u00f3n de la jornada laboral en la salud de los trabajadores<br>El Ministerio de Trabajo y Seguridad Social (MTSS) encabez\u00f3 una jornada de intercambio con el sector acad\u00e9mico para abordar la seguridad y salud en el trabajo, con un \u00e9nfasis particular en la organizaci\u00f3n del tiempo laboral. El evento, realizado en conmemoraci\u00f3n del d\u00eda mundial de la seguridad laboral, puso sobre la mesa uno de los temas m\u00e1s relevantes de la agenda legislativa y social uruguaya: la reducci\u00f3n de la jornada de trabajo.<\/p>\n\n\n\n<p>Durante la actividad, diversos especialistas acad\u00e9micos presentaron estudios sobre c\u00f3mo la carga horaria incide directamente en la salud f\u00edsica y mental de los empleados. Se analizaron factores cr\u00edticos como los riesgos psicosociales y la necesidad de adaptar las estructuras laborales a las demandas del siglo XXI para prevenir el agotamiento profesional.<\/p>\n\n\n\n<p>Uno de los ejes centrales del debate fue la relaci\u00f3n entre el tiempo de descanso y la productividad. Seg\u00fan los aportes presentados, la optimizaci\u00f3n de las horas de trabajo no solo mejora la calidad de vida de los trabajadores, sino que tambi\u00e9n puede generar impactos positivos en el rendimiento de las empresas.<\/p>\n\n\n\n<p>Esta instancia de di\u00e1logo se alinea con las discusiones que se vienen procesando tanto en el Parlamento nacional como en foros internacionales, donde se busca equilibrar el bienestar del capital humano con la sostenibilidad econ\u00f3mica del pa\u00eds.<\/p>\n","protected":false},"excerpt":{"rendered":"<p>MTSS y academia analizan el impacto de la reducci\u00f3n de la jornada laboral en la salud de los trabajadoresEl Ministerio de Trabajo y Seguridad Social (MTSS) encabez\u00f3 una jornada de intercambio con el sector acad\u00e9mico para abordar la seguridad y salud en el trabajo, con un \u00e9nfasis particular en la organizaci\u00f3n del tiempo laboral. El [&hellip;]<\/p>\n","protected":false},"author":2,"featured_media":8843,"comment_status":"closed","ping_status":"closed","sticky":false,"template":"","format":"standard","meta":{"pagelayer_contact_templates":[],"_pagelayer_content":"","footnotes":""},"categories":[184],"tags":[2756,3013,1245,6611,4023,1040,2594,233,6612],"class_list":["post-8842","post","type-post","status-publish","format-standard","has-post-thumbnail","hentry","category-oficial","tag-academia","tag-impacto","tag-jornada","tag-k-analkizan","tag-laboral","tag-mtss","tag-reduccion","tag-salud","tag-trabahjadores"],"amp_enabled":true,"_links":{"self":[{"href":"https:\/\/tododeporteynoticiasuruguay.com.uy\/new\/wp-json\/wp\/v2\/posts\/8842","targetHints":{"allow":["GET"]}}],"collection":[{"href":"https:\/\/tododeporteynoticiasuruguay.com.uy\/new\/wp-json\/wp\/v2\/posts"}],"about":[{"href":"https:\/\/tododeporteynoticiasuruguay.com.uy\/new\/wp-json\/wp\/v2\/types\/post"}],"author":[{"embeddable":true,"href":"https:\/\/tododeporteynoticiasuruguay.com.uy\/new\/wp-json\/wp\/v2\/users\/2"}],"replies":[{"embeddable":true,"href":"https:\/\/tododeporteynoticiasuruguay.com.uy\/new\/wp-json\/wp\/v2\/comments?post=8842"}],"version-history":[{"count":2,"href":"https:\/\/tododeporteynoticiasuruguay.com.uy\/new\/wp-json\/wp\/v2\/posts\/8842\/revisions"}],"predecessor-version":[{"id":8845,"href":"https:\/\/tododeporteynoticiasuruguay.com.uy\/new\/wp-json\/wp\/v2\/posts\/8842\/revisions\/8845"}],"wp:featuredmedia":[{"embeddable":true,"href":"https:\/\/tododeporteynoticiasuruguay.com.uy\/new\/wp-json\/wp\/v2\/media\/8843"}],"wp:attachment":[{"href":"https:\/\/tododeporteynoticiasuruguay.com.uy\/new\/wp-json\/wp\/v2\/media?parent=8842"}],"wp:term":[{"taxonomy":"category","embeddable":true,"href":"https:\/\/tododeporteynoticiasuruguay.com.uy\/new\/wp-json\/wp\/v2\/categories?post=8842"},{"taxonomy":"post_tag","embeddable":true,"href":"https:\/\/tododeporteynoticiasuruguay.com.uy\/new\/wp-json\/wp\/v2\/tags?post=8842"}],"curies":[{"name":"wp","href":"https:\/\/api.w.org\/{rel}","templated":true}]}}