{"id":8832,"date":"2026-04-29T10:14:27","date_gmt":"2026-04-29T13:14:27","guid":{"rendered":"https:\/\/tododeporteynoticiasuruguay.com.uy\/new\/?p=8832"},"modified":"2026-04-29T10:14:28","modified_gmt":"2026-04-29T13:14:28","slug":"rally-nacional-en-florida-se-presento-oficialmente-la-tercera-fecha-del-campeonato","status":"publish","type":"post","link":"https:\/\/tododeporteynoticiasuruguay.com.uy\/new\/2026\/04\/29\/rally-nacional-en-florida-se-presento-oficialmente-la-tercera-fecha-del-campeonato\/","title":{"rendered":"Rally Nacional en Florida: se present\u00f3 oficialmente la tercera fecha del campeonato"},"content":{"rendered":"\n<p>La competencia se desarrollar\u00e1 del 22 al 24 de mayo con el apoyo de la comuna local y la organizaci\u00f3n del Club Uruguayo de Rally.<br>La Intendencia de Florida oficializ\u00f3 el lanzamiento de la 3\u00aa Fecha del Campeonato Nacional de Rally, un evento que posiciona al departamento como epicentro del automovilismo nacional entre el 22 y el 24 de mayo. La presentaci\u00f3n, realizada en la sede comunal, cont\u00f3 con la presencia del intendente Carlos Enciso, autoridades departamentales y representantes del Club Uruguayo de Rally (CUR).<\/p>\n\n\n\n<p>Durante el anuncio, el intendente Enciso destac\u00f3 la relevancia de este evento para dinamizar la econom\u00eda local, resaltando el impacto positivo en la hoteler\u00eda y la gastronom\u00eda debido a la afluencia de equipos y aficionados. En la misma l\u00ednea, la Directora de Turismo, Carmen Pasarella, y el Director de Deportes, Facundo Bracco, enfatizaron la coordinaci\u00f3n log\u00edstica necesaria para garantizar la seguridad en los caminos rurales y el disfrute del p\u00fablico.<\/p>\n\n\n\n<p>El certamen, que recorre diversos puntos del territorio uruguayo, llega a Florida en una etapa clave del calendario. Se espera que en los pr\u00f3ximos d\u00edas el CUR brinde detalles espec\u00edficos sobre el itinerario de los tramos cronometrados, las zonas de espectadores y el parque de asistencia, que tradicionalmente se ubica en puntos estrat\u00e9gicos de la capital departamental.<\/p>\n","protected":false},"excerpt":{"rendered":"<p>La competencia se desarrollar\u00e1 del 22 al 24 de mayo con el apoyo de la comuna local y la organizaci\u00f3n del Club Uruguayo de Rally.La Intendencia de Florida oficializ\u00f3 el lanzamiento de la 3\u00aa Fecha del Campeonato Nacional de Rally, un evento que posiciona al departamento como epicentro del automovilismo nacional entre el 22 y [&hellip;]<\/p>\n","protected":false},"author":2,"featured_media":0,"comment_status":"closed","ping_status":"closed","sticky":false,"template":"","format":"standard","meta":{"pagelayer_contact_templates":[],"_pagelayer_content":"","footnotes":""},"categories":[6],"tags":[804,899,3892,3616,6610,242],"class_list":["post-8832","post","type-post","status-publish","format-standard","hentry","category-deporte","tag-campeonato","tag-florida","tag-mayo","tag-rally","tag-tercera-fecha","tag-uruguay"],"amp_enabled":true,"_links":{"self":[{"href":"https:\/\/tododeporteynoticiasuruguay.com.uy\/new\/wp-json\/wp\/v2\/posts\/8832","targetHints":{"allow":["GET"]}}],"collection":[{"href":"https:\/\/tododeporteynoticiasuruguay.com.uy\/new\/wp-json\/wp\/v2\/posts"}],"about":[{"href":"https:\/\/tododeporteynoticiasuruguay.com.uy\/new\/wp-json\/wp\/v2\/types\/post"}],"author":[{"embeddable":true,"href":"https:\/\/tododeporteynoticiasuruguay.com.uy\/new\/wp-json\/wp\/v2\/users\/2"}],"replies":[{"embeddable":true,"href":"https:\/\/tododeporteynoticiasuruguay.com.uy\/new\/wp-json\/wp\/v2\/comments?post=8832"}],"version-history":[{"count":1,"href":"https:\/\/tododeporteynoticiasuruguay.com.uy\/new\/wp-json\/wp\/v2\/posts\/8832\/revisions"}],"predecessor-version":[{"id":8834,"href":"https:\/\/tododeporteynoticiasuruguay.com.uy\/new\/wp-json\/wp\/v2\/posts\/8832\/revisions\/8834"}],"wp:attachment":[{"href":"https:\/\/tododeporteynoticiasuruguay.com.uy\/new\/wp-json\/wp\/v2\/media?parent=8832"}],"wp:term":[{"taxonomy":"category","embeddable":true,"href":"https:\/\/tododeporteynoticiasuruguay.com.uy\/new\/wp-json\/wp\/v2\/categories?post=8832"},{"taxonomy":"post_tag","embeddable":true,"href":"https:\/\/tododeporteynoticiasuruguay.com.uy\/new\/wp-json\/wp\/v2\/tags?post=8832"}],"curies":[{"name":"wp","href":"https:\/\/api.w.org\/{rel}","templated":true}]}}