{"id":8828,"date":"2026-04-28T12:26:20","date_gmt":"2026-04-28T15:26:20","guid":{"rendered":"https:\/\/tododeporteynoticiasuruguay.com.uy\/new\/?p=8828"},"modified":"2026-04-28T12:26:20","modified_gmt":"2026-04-28T15:26:20","slug":"conmocion-en-el-agro-fallece-un-productor-tras-ser-detenido-por-dispararle-a-un-perro-que-atacaba-su-ganado","status":"publish","type":"post","link":"https:\/\/tododeporteynoticiasuruguay.com.uy\/new\/2026\/04\/28\/conmocion-en-el-agro-fallece-un-productor-tras-ser-detenido-por-dispararle-a-un-perro-que-atacaba-su-ganado\/","title":{"rendered":"Conmoci\u00f3n en el agro: fallece un productor tras ser detenido por dispararle a un perro que atacaba su ganado"},"content":{"rendered":"\n<p>La Federaci\u00f3n Rural denunci\u00f3 \u00abomisi\u00f3n estatal\u00bb ante la problem\u00e1tica de las jaur\u00edas y calific\u00f3 de \u00abinjusta\u00bb la muerte de \u00c1lvaro Hiriart en Flores.<br>El sector agropecuario se encuentra de luto tras el fallecimiento de \u00c1lvaro Hiriart, un productor y agrimensor de la zona de Andresito, departamento de Flores. El tr\u00e1gico desenlace ocurri\u00f3 la semana pasada durante un operativo policial, luego de que el productor le disparara a un perro que estaba atacando a sus ovejas.<\/p>\n\n\n\n<p>Seg\u00fan los reportes oficiales, efectivos policiales concurrieron al establecimiento tras recibir una alerta de que Hiriart se encontraba armado. En el momento en que se proced\u00eda a su detenci\u00f3n, el productor sufri\u00f3 una descompensaci\u00f3n card\u00edaca que le provoc\u00f3 la muerte de forma inmediata.<\/p>\n\n\n\n<p>Denuncias previas y reclamos<br>Desde la Federaci\u00f3n Rural (FR) emitieron un comunicado expresando \u00abdolor e impotencia\u00bb. La gremial puntualiz\u00f3 que Hiriart era una persona \u00abquerida y trabajadora\u00bb que ya hab\u00eda realizado m\u00faltiples denuncias previas por ataques de perros en su campo, sin obtener soluciones efectivas. Incluso, se\u00f1alaron que el animal involucrado en el \u00faltimo incidente ya hab\u00eda sido identificado anteriormente.<\/p>\n\n\n\n<p>La organizaci\u00f3n subray\u00f3 que este hecho es consecuencia de un \u00abhartazgo\u00bb generalizado en el sector. \u00abHay una omisi\u00f3n, primero de los due\u00f1os de los perros y despu\u00e9s del Estado que no se hace cargo del tema\u00bb, sentenci\u00f3 la FR, cuestionando la falta de pol\u00edticas para controlar a los perros sueltos que destruyen la producci\u00f3n nacional.<\/p>\n\n\n\n<p>El caso ha reavivado el debate sobre la seguridad rural y la responsabilidad civil de los propietarios de mascotas, mientras la comunidad de Flores despide a un vecino que, seg\u00fan sus pares, actu\u00f3 desbordado por la p\u00e9rdida reiterada de su sustento.<\/p>\n","protected":false},"excerpt":{"rendered":"<p>La Federaci\u00f3n Rural denunci\u00f3 \u00abomisi\u00f3n estatal\u00bb ante la problem\u00e1tica de las jaur\u00edas y calific\u00f3 de \u00abinjusta\u00bb la muerte de \u00c1lvaro Hiriart en Flores.El sector agropecuario se encuentra de luto tras el fallecimiento de \u00c1lvaro Hiriart, un productor y agrimensor de la zona de Andresito, departamento de Flores. El tr\u00e1gico desenlace ocurri\u00f3 la semana pasada durante [&hellip;]<\/p>\n","protected":false},"author":2,"featured_media":8829,"comment_status":"closed","ping_status":"closed","sticky":false,"template":"","format":"standard","meta":{"pagelayer_contact_templates":[],"_pagelayer_content":"","footnotes":""},"categories":[182],"tags":[6608,1631,6606,6607,6605,6609],"class_list":["post-8828","post","type-post","status-publish","format-standard","has-post-thumbnail","hentry","category-sucesos","tag-agro","tag-fallece","tag-matando","tag-ovejas","tag-perro","tag-productor"],"amp_enabled":true,"_links":{"self":[{"href":"https:\/\/tododeporteynoticiasuruguay.com.uy\/new\/wp-json\/wp\/v2\/posts\/8828","targetHints":{"allow":["GET"]}}],"collection":[{"href":"https:\/\/tododeporteynoticiasuruguay.com.uy\/new\/wp-json\/wp\/v2\/posts"}],"about":[{"href":"https:\/\/tododeporteynoticiasuruguay.com.uy\/new\/wp-json\/wp\/v2\/types\/post"}],"author":[{"embeddable":true,"href":"https:\/\/tododeporteynoticiasuruguay.com.uy\/new\/wp-json\/wp\/v2\/users\/2"}],"replies":[{"embeddable":true,"href":"https:\/\/tododeporteynoticiasuruguay.com.uy\/new\/wp-json\/wp\/v2\/comments?post=8828"}],"version-history":[{"count":1,"href":"https:\/\/tododeporteynoticiasuruguay.com.uy\/new\/wp-json\/wp\/v2\/posts\/8828\/revisions"}],"predecessor-version":[{"id":8830,"href":"https:\/\/tododeporteynoticiasuruguay.com.uy\/new\/wp-json\/wp\/v2\/posts\/8828\/revisions\/8830"}],"wp:featuredmedia":[{"embeddable":true,"href":"https:\/\/tododeporteynoticiasuruguay.com.uy\/new\/wp-json\/wp\/v2\/media\/8829"}],"wp:attachment":[{"href":"https:\/\/tododeporteynoticiasuruguay.com.uy\/new\/wp-json\/wp\/v2\/media?parent=8828"}],"wp:term":[{"taxonomy":"category","embeddable":true,"href":"https:\/\/tododeporteynoticiasuruguay.com.uy\/new\/wp-json\/wp\/v2\/categories?post=8828"},{"taxonomy":"post_tag","embeddable":true,"href":"https:\/\/tododeporteynoticiasuruguay.com.uy\/new\/wp-json\/wp\/v2\/tags?post=8828"}],"curies":[{"name":"wp","href":"https:\/\/api.w.org\/{rel}","templated":true}]}}