{"id":8818,"date":"2026-04-28T10:14:18","date_gmt":"2026-04-28T13:14:18","guid":{"rendered":"https:\/\/tododeporteynoticiasuruguay.com.uy\/new\/?p=8818"},"modified":"2026-04-28T10:24:34","modified_gmt":"2026-04-28T13:24:34","slug":"homicidio-en-colon-un-nino-de-un-ano-murio-tras-un-ataque-armado-contra-el-vehiculo-de-su-padre","status":"publish","type":"post","link":"https:\/\/tododeporteynoticiasuruguay.com.uy\/new\/2026\/04\/28\/homicidio-en-colon-un-nino-de-un-ano-murio-tras-un-ataque-armado-contra-el-vehiculo-de-su-padre\/","title":{"rendered":"Homicidio en Col\u00f3n: un ni\u00f1o de un a\u00f1o muri\u00f3 tras un ataque armado contra el veh\u00edculo de su padre"},"content":{"rendered":"\n<p>El autom\u00f3vil recibi\u00f3 al menos siete impactos de bala mientras circulaba por las inmediaciones de Pasaje J y Aparicio Saravia. El adulto result\u00f3 herido y el menor falleci\u00f3 tras ser trasladado a un centro asistencial.<br>Un ni\u00f1o de un a\u00f1o y medio fue asesinado a \u00faltima hora de la tarde de este lunes tras un ataque con armas de fuego en el barrio Col\u00f3n, Montevideo. La v\u00edctima viajaba en un autom\u00f3vil junto a su padre cuando fueron interceptados por desconocidos que abrieron fuego contra el veh\u00edculo.<\/p>\n\n\n\n<p>Seg\u00fan las primeras actuaciones policiales, el ataque ocurri\u00f3 en la intersecci\u00f3n de Pasaje J y Aparicio Saravia. Los agresores, que se desplazaban en una motocicleta, efectuaron m\u00faltiples disparos contra el autom\u00f3vil Volkswagen Vento en el que se trasladaban las v\u00edctimas. En el lugar de los hechos, personal de Polic\u00eda Cient\u00edfica incaut\u00f3 varios casquillos de proyectiles.<\/p>\n\n\n\n<p>Tras la agresi\u00f3n, el padre del menor, quien tambi\u00e9n result\u00f3 herido, condujo el veh\u00edculo hasta el estacionamiento de un supermercado ubicado en Eduardo Raiz y Avenida Eugenio Garz\u00f3n para solicitar auxilio. En el parabrisas del autom\u00f3vil se constataron al menos siete impactos de bala.<\/p>\n\n\n\n<p>Ambos fueron derivados de urgencia a una mutualista de la zona. Minutos despu\u00e9s de su ingreso, se constat\u00f3 el fallecimiento del menor a ra\u00edz de una herida de bala en el cr\u00e1neo.<\/p>\n\n\n\n<p>La investigaci\u00f3n del caso ha sido tomada por el Departamento de Homicidios de la Direcci\u00f3n de Hechos Complejos y la Fiscal\u00eda especializada. Al momento, los efectivos trabajan en el an\u00e1lisis de las c\u00e1maras de videovigilancia de la zona y en la toma de testimonios de testigos para identificar a los autores del crimen.<\/p>\n","protected":false},"excerpt":{"rendered":"<p>El autom\u00f3vil recibi\u00f3 al menos siete impactos de bala mientras circulaba por las inmediaciones de Pasaje J y Aparicio Saravia. El adulto result\u00f3 herido y el menor falleci\u00f3 tras ser trasladado a un centro asistencial.Un ni\u00f1o de un a\u00f1o y medio fue asesinado a \u00faltima hora de la tarde de este lunes tras un ataque [&hellip;]<\/p>\n","protected":false},"author":2,"featured_media":8819,"comment_status":"closed","ping_status":"closed","sticky":false,"template":"","format":"standard","meta":{"pagelayer_contact_templates":[],"_pagelayer_content":"","footnotes":""},"categories":[182],"tags":[2121,296,6601,6603],"class_list":["post-8818","post","type-post","status-publish","format-standard","has-post-thumbnail","hentry","category-sucesos","tag-colon","tag-homicidio","tag-nino","tag-un-ano"],"amp_enabled":true,"_links":{"self":[{"href":"https:\/\/tododeporteynoticiasuruguay.com.uy\/new\/wp-json\/wp\/v2\/posts\/8818","targetHints":{"allow":["GET"]}}],"collection":[{"href":"https:\/\/tododeporteynoticiasuruguay.com.uy\/new\/wp-json\/wp\/v2\/posts"}],"about":[{"href":"https:\/\/tododeporteynoticiasuruguay.com.uy\/new\/wp-json\/wp\/v2\/types\/post"}],"author":[{"embeddable":true,"href":"https:\/\/tododeporteynoticiasuruguay.com.uy\/new\/wp-json\/wp\/v2\/users\/2"}],"replies":[{"embeddable":true,"href":"https:\/\/tododeporteynoticiasuruguay.com.uy\/new\/wp-json\/wp\/v2\/comments?post=8818"}],"version-history":[{"count":1,"href":"https:\/\/tododeporteynoticiasuruguay.com.uy\/new\/wp-json\/wp\/v2\/posts\/8818\/revisions"}],"predecessor-version":[{"id":8820,"href":"https:\/\/tododeporteynoticiasuruguay.com.uy\/new\/wp-json\/wp\/v2\/posts\/8818\/revisions\/8820"}],"wp:featuredmedia":[{"embeddable":true,"href":"https:\/\/tododeporteynoticiasuruguay.com.uy\/new\/wp-json\/wp\/v2\/media\/8819"}],"wp:attachment":[{"href":"https:\/\/tododeporteynoticiasuruguay.com.uy\/new\/wp-json\/wp\/v2\/media?parent=8818"}],"wp:term":[{"taxonomy":"category","embeddable":true,"href":"https:\/\/tododeporteynoticiasuruguay.com.uy\/new\/wp-json\/wp\/v2\/categories?post=8818"},{"taxonomy":"post_tag","embeddable":true,"href":"https:\/\/tododeporteynoticiasuruguay.com.uy\/new\/wp-json\/wp\/v2\/tags?post=8818"}],"curies":[{"name":"wp","href":"https:\/\/api.w.org\/{rel}","templated":true}]}}