{"id":8807,"date":"2026-04-28T09:45:10","date_gmt":"2026-04-28T12:45:10","guid":{"rendered":"https:\/\/tododeporteynoticiasuruguay.com.uy\/new\/?p=8807"},"modified":"2026-04-28T09:46:35","modified_gmt":"2026-04-28T12:46:35","slug":"presidente-orsi-recibio-a-integrantes-de-la-asociacion-civil-maestra-elena-quinteros","status":"publish","type":"post","link":"https:\/\/tododeporteynoticiasuruguay.com.uy\/new\/2026\/04\/28\/presidente-orsi-recibio-a-integrantes-de-la-asociacion-civil-maestra-elena-quinteros\/","title":{"rendered":"Presidente Orsi recibi\u00f3 a integrantes de la Asociaci\u00f3n Civil Maestra Elena Quinteros"},"content":{"rendered":"\n<p>El encuentro entre el presidente Yamand\u00fa Orsi y los representantes de la Asociaci\u00f3n Civil Maestra Elena Quinteros se desarroll\u00f3 este lunes 27 en la Torre Ejecutiva. La integrante del grupo, Mirtha Guianze, explic\u00f3 que la organizaci\u00f3n busca que el inmueble donde Quinteros fue detenida y desaparecida en 1976 sea declarado Sitio de Memoria, a medio siglo de su b\u00fasqueda. \u201cQueremos perpetuar su figura\u201d, afirm\u00f3.<br>El presidente Orsi recibi\u00f3 este lunes 27 a los representantes de la Asociaci\u00f3n Maestra Elena Quinteros. La delegaci\u00f3n estuvo integrada por Mirtha Guianze, Ra\u00fal Olivera y Lili\u00e1n Celiberti. Asimismo, particip\u00f3 el exintendente de Canelones, Marcos Car\u00e1mbula.<\/p>\n\n\n\n<p>Tras el encuentro, Guianze explic\u00f3 mediante medios informativos que el objetivo de la asociaci\u00f3n es mantener en el recuerdo a la maestra Elena Quinteros, en el marco de los 50 a\u00f1os de su detenci\u00f3n ilegal y posterior desaparici\u00f3n. Para alcanzar la meta, el grupo trabaja para nombrar como Sitio de la Memoria al apartamento ubicado en la calle Ram\u00f3n Massini de Montevideo, donde Quinteros fue secuestrada el 24 junio de 1976.<\/p>\n\n\n\n<p>Celiberti, por su parte, record\u00f3 la normativa que estipula la ley n.\u00b0 19.641. La norma indica que un espacio puede ser declarado Sitio de Memoria con la presentaci\u00f3n de un proyecto ante la Comisi\u00f3n Nacional Honoraria de Sitios de Memoria, que funciona dentro del Instituto Nacional de Derechos Humanos.<\/p>\n\n\n\n<p>Fundada el 10 de diciembre de 2025, esta asociaci\u00f3n civil procura la promoci\u00f3n, defensa y difusi\u00f3n de los derechos humanos, la memoria hist\u00f3rica y la justicia social. La referida organizaci\u00f3n es el resultado del proceso vinculado a la recuperaci\u00f3n de la vivienda donde Quinteros se encontraba al momento de su secuestro.<\/p>\n","protected":false},"excerpt":{"rendered":"<p>El encuentro entre el presidente Yamand\u00fa Orsi y los representantes de la Asociaci\u00f3n Civil Maestra Elena Quinteros se desarroll\u00f3 este lunes 27 en la Torre Ejecutiva. La integrante del grupo, Mirtha Guianze, explic\u00f3 que la organizaci\u00f3n busca que el inmueble donde Quinteros fue detenida y desaparecida en 1976 sea declarado Sitio de Memoria, a medio [&hellip;]<\/p>\n","protected":false},"author":2,"featured_media":8808,"comment_status":"closed","ping_status":"closed","sticky":false,"template":"","format":"standard","meta":{"pagelayer_contact_templates":[],"_pagelayer_content":"","footnotes":""},"categories":[184],"tags":[3643,3874,6595,1739,6594,287,1028,6596,5784],"class_list":["post-8807","post","type-post","status-publish","format-standard","has-post-thumbnail","hentry","category-oficial","tag-asociacion-2","tag-civil","tag-elena","tag-integrantes","tag-maestra","tag-orsi","tag-presidente","tag-quinteros","tag-recibe"],"amp_enabled":true,"_links":{"self":[{"href":"https:\/\/tododeporteynoticiasuruguay.com.uy\/new\/wp-json\/wp\/v2\/posts\/8807","targetHints":{"allow":["GET"]}}],"collection":[{"href":"https:\/\/tododeporteynoticiasuruguay.com.uy\/new\/wp-json\/wp\/v2\/posts"}],"about":[{"href":"https:\/\/tododeporteynoticiasuruguay.com.uy\/new\/wp-json\/wp\/v2\/types\/post"}],"author":[{"embeddable":true,"href":"https:\/\/tododeporteynoticiasuruguay.com.uy\/new\/wp-json\/wp\/v2\/users\/2"}],"replies":[{"embeddable":true,"href":"https:\/\/tododeporteynoticiasuruguay.com.uy\/new\/wp-json\/wp\/v2\/comments?post=8807"}],"version-history":[{"count":1,"href":"https:\/\/tododeporteynoticiasuruguay.com.uy\/new\/wp-json\/wp\/v2\/posts\/8807\/revisions"}],"predecessor-version":[{"id":8809,"href":"https:\/\/tododeporteynoticiasuruguay.com.uy\/new\/wp-json\/wp\/v2\/posts\/8807\/revisions\/8809"}],"wp:featuredmedia":[{"embeddable":true,"href":"https:\/\/tododeporteynoticiasuruguay.com.uy\/new\/wp-json\/wp\/v2\/media\/8808"}],"wp:attachment":[{"href":"https:\/\/tododeporteynoticiasuruguay.com.uy\/new\/wp-json\/wp\/v2\/media?parent=8807"}],"wp:term":[{"taxonomy":"category","embeddable":true,"href":"https:\/\/tododeporteynoticiasuruguay.com.uy\/new\/wp-json\/wp\/v2\/categories?post=8807"},{"taxonomy":"post_tag","embeddable":true,"href":"https:\/\/tododeporteynoticiasuruguay.com.uy\/new\/wp-json\/wp\/v2\/tags?post=8807"}],"curies":[{"name":"wp","href":"https:\/\/api.w.org\/{rel}","templated":true}]}}