{"id":8800,"date":"2026-04-28T08:35:56","date_gmt":"2026-04-28T11:35:56","guid":{"rendered":"https:\/\/tododeporteynoticiasuruguay.com.uy\/new\/?p=8800"},"modified":"2026-04-28T08:35:56","modified_gmt":"2026-04-28T11:35:56","slug":"montevideo-fue-sede-del-lanzamiento-internacional-de-la-campana-mayo-amarillo-2026","status":"publish","type":"post","link":"https:\/\/tododeporteynoticiasuruguay.com.uy\/new\/2026\/04\/28\/montevideo-fue-sede-del-lanzamiento-internacional-de-la-campana-mayo-amarillo-2026\/","title":{"rendered":"Montevideo fue sede del lanzamiento internacional de la campa\u00f1a \u00abMayo Amarillo\u00bb 2026"},"content":{"rendered":"\n<p>Bajo el lema \u201cEn el tr\u00e1nsito, ver al otro es salvar vidas\u201d, la UNASEV y el Observatorio de Seguridad Vial de Brasil firmaron un acuerdo de cooperaci\u00f3n t\u00e9cnica para fortalecer la prevenci\u00f3n de siniestros.<br>La capital uruguaya se convirti\u00f3 este martes en el epicentro de la seguridad vial regional al recibir el lanzamiento internacional de la campa\u00f1a Mayo Amarillo 2026. La jornada, organizada por la Unidad Nacional de Seguridad Vial (UNASEV), cont\u00f3 con la participaci\u00f3n destacada de Paulo Guimar\u00e3es Jr., Director Ejecutivo del Observatorio Nacional de Seguridad Vial de Brasil, reafirmando el compromiso binacional en la reducci\u00f3n de la siniestralidad.<\/p>\n\n\n\n<p>El eje central de la edici\u00f3n de este a\u00f1o se resume en el lema \u201cEn el tr\u00e1nsito, ver al otro es salvar vidas\u201d, una consigna que busca apelar a la empat\u00eda y la atenci\u00f3n constante de todos los actores del ecosistema vial (peatones, ciclistas, motociclistas y conductores).<\/p>\n\n\n\n<p>Cooperaci\u00f3n internacional<br>Uno de los hitos de la jornada fue la firma de una declaraci\u00f3n de inter\u00e9s para formalizar un acuerdo de cooperaci\u00f3n t\u00e9cnica entre la UNASEV y su par brasile\u00f1o. Este convenio permitir\u00e1 el intercambio de datos, estrategias de fiscalizaci\u00f3n y metodolog\u00edas de educaci\u00f3n vial que han demostrado eficacia en ambos pa\u00edses.<\/p>\n\n\n\n<p>Impacto nacional<br>En Uruguay, el movimiento Mayo Amarillo se desplegar\u00e1 durante todo el mes con cientos de actividades simult\u00e1neas. La iniciativa involucra a las Unidades Locales de Seguridad Vial (ULOSEV), instituciones educativas, empresas privadas y organismos gubernamentales en los 19 departamentos.<\/p>\n\n\n\n<p>El objetivo es generar un impacto real en las estad\u00edsticas de siniestralidad mediante la concientizaci\u00f3n directa en el territorio. Las autoridades recordaron que el cronograma completo de actividades por departamento se encuentra disponible en el portal oficial de Presidencia (gub.uy\/unasev).<\/p>\n","protected":false},"excerpt":{"rendered":"<p>Bajo el lema \u201cEn el tr\u00e1nsito, ver al otro es salvar vidas\u201d, la UNASEV y el Observatorio de Seguridad Vial de Brasil firmaron un acuerdo de cooperaci\u00f3n t\u00e9cnica para fortalecer la prevenci\u00f3n de siniestros.La capital uruguaya se convirti\u00f3 este martes en el epicentro de la seguridad vial regional al recibir el lanzamiento internacional de la [&hellip;]<\/p>\n","protected":false},"author":2,"featured_media":8801,"comment_status":"closed","ping_status":"closed","sticky":false,"template":"","format":"standard","meta":{"pagelayer_contact_templates":[],"_pagelayer_content":"","footnotes":""},"categories":[193],"tags":[6587,6586,2416,1928,3892,266,4008,242],"class_list":["post-8800","post","type-post","status-publish","format-standard","has-post-thumbnail","hentry","category-seguridad-vial","tag-amarillo","tag-cammpana","tag-internacional","tag-lanzamiento","tag-mayo","tag-montevideo","tag-sede","tag-uruguay"],"amp_enabled":true,"_links":{"self":[{"href":"https:\/\/tododeporteynoticiasuruguay.com.uy\/new\/wp-json\/wp\/v2\/posts\/8800","targetHints":{"allow":["GET"]}}],"collection":[{"href":"https:\/\/tododeporteynoticiasuruguay.com.uy\/new\/wp-json\/wp\/v2\/posts"}],"about":[{"href":"https:\/\/tododeporteynoticiasuruguay.com.uy\/new\/wp-json\/wp\/v2\/types\/post"}],"author":[{"embeddable":true,"href":"https:\/\/tododeporteynoticiasuruguay.com.uy\/new\/wp-json\/wp\/v2\/users\/2"}],"replies":[{"embeddable":true,"href":"https:\/\/tododeporteynoticiasuruguay.com.uy\/new\/wp-json\/wp\/v2\/comments?post=8800"}],"version-history":[{"count":1,"href":"https:\/\/tododeporteynoticiasuruguay.com.uy\/new\/wp-json\/wp\/v2\/posts\/8800\/revisions"}],"predecessor-version":[{"id":8802,"href":"https:\/\/tododeporteynoticiasuruguay.com.uy\/new\/wp-json\/wp\/v2\/posts\/8800\/revisions\/8802"}],"wp:featuredmedia":[{"embeddable":true,"href":"https:\/\/tododeporteynoticiasuruguay.com.uy\/new\/wp-json\/wp\/v2\/media\/8801"}],"wp:attachment":[{"href":"https:\/\/tododeporteynoticiasuruguay.com.uy\/new\/wp-json\/wp\/v2\/media?parent=8800"}],"wp:term":[{"taxonomy":"category","embeddable":true,"href":"https:\/\/tododeporteynoticiasuruguay.com.uy\/new\/wp-json\/wp\/v2\/categories?post=8800"},{"taxonomy":"post_tag","embeddable":true,"href":"https:\/\/tododeporteynoticiasuruguay.com.uy\/new\/wp-json\/wp\/v2\/tags?post=8800"}],"curies":[{"name":"wp","href":"https:\/\/api.w.org\/{rel}","templated":true}]}}