{"id":8796,"date":"2026-04-28T08:26:47","date_gmt":"2026-04-28T11:26:47","guid":{"rendered":"https:\/\/tododeporteynoticiasuruguay.com.uy\/new\/?p=8796"},"modified":"2026-04-28T08:27:30","modified_gmt":"2026-04-28T11:27:30","slug":"utu-inaugura-nodo-de-innovacion-en-artigas-para-potenciar-la-educacion-y-la-produccion-local","status":"publish","type":"post","link":"https:\/\/tododeporteynoticiasuruguay.com.uy\/new\/2026\/04\/28\/utu-inaugura-nodo-de-innovacion-en-artigas-para-potenciar-la-educacion-y-la-produccion-local\/","title":{"rendered":"UTU inaugura Nodo de Innovaci\u00f3n en Artigas para potenciar la educaci\u00f3n y la producci\u00f3n local"},"content":{"rendered":"\n<p>La iniciativa busca descentralizar el conocimiento t\u00e9cnico y fomentar soluciones tecnol\u00f3gicas en sectores clave como la miner\u00eda y el turismo.<br>La Direcci\u00f3n General de Educaci\u00f3n T\u00e9cnico Profesional (UTU) inaugur\u00f3 oficialmente un nuevo Nodo de Innovaci\u00f3n en la ciudad de Artigas, un espacio dise\u00f1ado para estrechar el v\u00ednculo entre la formaci\u00f3n acad\u00e9mica y el sector productivo del departamento. El proyecto forma parte de una red nacional de 24 centros que buscan transformar el conocimiento en soluciones concretas para las problem\u00e1ticas territoriales.<\/p>\n\n\n\n<p>Durante el acto de presentaci\u00f3n, el subdirector de UTU, Wilson Netto, enfatiz\u00f3 la urgencia de ampliar el acceso a la educaci\u00f3n terciaria en Uruguay, se\u00f1alando que actualmente solo el 7% de la poblaci\u00f3n accede a este nivel. \u00abEl conocimiento no debe quedar encerrado en las instituciones, debe circular activamente en la sociedad\u00bb, afirm\u00f3 Netto, destacando que el Nodo funcionar\u00e1 como un articulador entre actores p\u00fablicos y privados.<\/p>\n\n\n\n<p>Ejes de formaci\u00f3n y resoluci\u00f3n de problemas<br>El Nodo de Innovaci\u00f3n operar\u00e1 bajo dos pilares fundamentales:<\/p>\n\n\n\n<p>Capacitaci\u00f3n t\u00e9cnica: Oferta de cursos cortos en \u00e1reas de alta demanda como inteligencia artificial, ciberseguridad y an\u00e1lisis de datos.<\/p>\n\n\n\n<p>Banco de problemas: Un \u00e1mbito colaborativo donde se identificar\u00e1n desaf\u00edos reales del entorno local para proponer soluciones t\u00e9cnicas y colectivas.<\/p>\n\n\n\n<p>Por su parte, el intendente de Artigas, Emiliano Soravilla, destac\u00f3 que esta herramienta es vital para diversificar la econom\u00eda departamental. Seg\u00fan el jerarca, sectores estrat\u00e9gicos como la miner\u00eda de \u00e1gatas y amatistas, el turismo y la producci\u00f3n agroindustrial podr\u00e1n beneficiarse directamente de la incorporaci\u00f3n de nuevas tecnolog\u00edas y procesos innovadores generados desde este centro.<\/p>\n\n\n\n<p>Participaci\u00f3n estudiantil y extensi\u00f3n<br>La jornada cont\u00f3 con una demostraci\u00f3n pr\u00e1ctica de las capacidades de los alumnos del Bachillerato en Medios Audiovisuales, quienes realizaron la transmisi\u00f3n en vivo del evento. Adem\u00e1s, se subray\u00f3 el rol de la Unidad de Extensi\u00f3n de UTU, que ser\u00e1 la encargada de relevar las necesidades de las empresas y actores sociales de Artigas para integrarlas a la agenda de trabajo del Nodo.<\/p>\n","protected":false},"excerpt":{"rendered":"<p>La iniciativa busca descentralizar el conocimiento t\u00e9cnico y fomentar soluciones tecnol\u00f3gicas en sectores clave como la miner\u00eda y el turismo.La Direcci\u00f3n General de Educaci\u00f3n T\u00e9cnico Profesional (UTU) inaugur\u00f3 oficialmente un nuevo Nodo de Innovaci\u00f3n en la ciudad de Artigas, un espacio dise\u00f1ado para estrechar el v\u00ednculo entre la formaci\u00f3n acad\u00e9mica y el sector productivo del [&hellip;]<\/p>\n","protected":false},"author":2,"featured_media":8797,"comment_status":"closed","ping_status":"closed","sticky":false,"template":"","format":"standard","meta":{"pagelayer_contact_templates":[],"_pagelayer_content":"","footnotes":""},"categories":[612,5703],"tags":[355,1136,5944,763,1668,6585,3551,242,995],"class_list":["post-8796","post","type-post","status-publish","format-standard","has-post-thumbnail","hentry","category-cultura","category-departamentales","tag-artigas","tag-educacion-2","tag-inaugura","tag-innovacion","tag-nodo","tag-potencia","tag-produccion","tag-uruguay","tag-utu"],"amp_enabled":true,"_links":{"self":[{"href":"https:\/\/tododeporteynoticiasuruguay.com.uy\/new\/wp-json\/wp\/v2\/posts\/8796","targetHints":{"allow":["GET"]}}],"collection":[{"href":"https:\/\/tododeporteynoticiasuruguay.com.uy\/new\/wp-json\/wp\/v2\/posts"}],"about":[{"href":"https:\/\/tododeporteynoticiasuruguay.com.uy\/new\/wp-json\/wp\/v2\/types\/post"}],"author":[{"embeddable":true,"href":"https:\/\/tododeporteynoticiasuruguay.com.uy\/new\/wp-json\/wp\/v2\/users\/2"}],"replies":[{"embeddable":true,"href":"https:\/\/tododeporteynoticiasuruguay.com.uy\/new\/wp-json\/wp\/v2\/comments?post=8796"}],"version-history":[{"count":1,"href":"https:\/\/tododeporteynoticiasuruguay.com.uy\/new\/wp-json\/wp\/v2\/posts\/8796\/revisions"}],"predecessor-version":[{"id":8798,"href":"https:\/\/tododeporteynoticiasuruguay.com.uy\/new\/wp-json\/wp\/v2\/posts\/8796\/revisions\/8798"}],"wp:featuredmedia":[{"embeddable":true,"href":"https:\/\/tododeporteynoticiasuruguay.com.uy\/new\/wp-json\/wp\/v2\/media\/8797"}],"wp:attachment":[{"href":"https:\/\/tododeporteynoticiasuruguay.com.uy\/new\/wp-json\/wp\/v2\/media?parent=8796"}],"wp:term":[{"taxonomy":"category","embeddable":true,"href":"https:\/\/tododeporteynoticiasuruguay.com.uy\/new\/wp-json\/wp\/v2\/categories?post=8796"},{"taxonomy":"post_tag","embeddable":true,"href":"https:\/\/tododeporteynoticiasuruguay.com.uy\/new\/wp-json\/wp\/v2\/tags?post=8796"}],"curies":[{"name":"wp","href":"https:\/\/api.w.org\/{rel}","templated":true}]}}