{"id":8792,"date":"2026-04-28T08:21:37","date_gmt":"2026-04-28T11:21:37","guid":{"rendered":"https:\/\/tododeporteynoticiasuruguay.com.uy\/new\/?p=8792"},"modified":"2026-04-28T08:22:20","modified_gmt":"2026-04-28T11:22:20","slug":"inumet-advierte-por-marcado-descenso-termico-y-heladas-se-espera-el-dia-mas-frio-del-ano","status":"publish","type":"post","link":"https:\/\/tododeporteynoticiasuruguay.com.uy\/new\/2026\/04\/28\/inumet-advierte-por-marcado-descenso-termico-y-heladas-se-espera-el-dia-mas-frio-del-ano\/","title":{"rendered":"Inumet advierte por marcado descenso t\u00e9rmico y heladas: se espera el d\u00eda m\u00e1s fr\u00edo del a\u00f1o"},"content":{"rendered":"\n<p>Tras el paso del cicl\u00f3n extratropical, una masa de aire fr\u00edo polar ingresar\u00e1 al territorio nacional provocando temperaturas bajo cero y heladas agrometeorol\u00f3gicas en el interior del pa\u00eds.<br>El Instituto Uruguayo de Meteorolog\u00eda (Inumet) confirm\u00f3 el inicio de un periodo de bajas temperaturas que marcar\u00e1 el primer \u00abpulso invernal\u00bb de 2026. Luego de una jornada de lunes afectada por vientos huracanados que alcanzaron los 100 km\/h en Punta del Este, las condiciones atmosf\u00e9ricas comenzar\u00e1n a estabilizarse, dando paso a un enfriamiento generalizado en todo el Uruguay.<\/p>\n\n\n\n<p>N\u00e9stor Santayana, director de Predicci\u00f3n de Inumet, se\u00f1al\u00f3 que el fen\u00f3meno de vientos intensos ya super\u00f3 su etapa cr\u00edtica. Sin embargo, advirti\u00f3 que el protagonismo meteorol\u00f3gico se desplazar\u00e1 hacia el descenso t\u00e9rmico. Para este martes se prev\u00e9 una ma\u00f1ana especialmente fr\u00eda, tendencia que se profundizar\u00e1 hacia el cierre de la semana.<\/p>\n\n\n\n<p>Pron\u00f3stico para el feriado y el fin de semana<br>Respecto al mi\u00e9rcoles 1\u00b0 de mayo, el pron\u00f3stico indica una divisi\u00f3n clim\u00e1tica en el pa\u00eds:<\/p>\n\n\n\n<p>Zona Norte: Probabilidad de precipitaciones debido a la incidencia de un frente fr\u00edo apostado en el sur de Brasil.<\/p>\n\n\n\n<p>Zona Sur: Condiciones de estabilidad con baja probabilidad de lluvias.<\/p>\n\n\n\n<p>El punto m\u00e1ximo de este fen\u00f3meno se alcanzar\u00eda el pr\u00f3ximo domingo. Seg\u00fan las proyecciones oficiales, esa jornada podr\u00eda registrar las temperaturas m\u00e1s bajas en lo que va del a\u00f1o, con m\u00ednimas que descender\u00e1n por debajo de los 0\u00b0C en diversas zonas del interior, provocando heladas generalizadas.<\/p>\n","protected":false},"excerpt":{"rendered":"<p>Tras el paso del cicl\u00f3n extratropical, una masa de aire fr\u00edo polar ingresar\u00e1 al territorio nacional provocando temperaturas bajo cero y heladas agrometeorol\u00f3gicas en el interior del pa\u00eds.El Instituto Uruguayo de Meteorolog\u00eda (Inumet) confirm\u00f3 el inicio de un periodo de bajas temperaturas que marcar\u00e1 el primer \u00abpulso invernal\u00bb de 2026. Luego de una jornada de [&hellip;]<\/p>\n","protected":false},"author":2,"featured_media":8793,"comment_status":"closed","ping_status":"closed","sticky":false,"template":"","format":"standard","meta":{"pagelayer_contact_templates":[],"_pagelayer_content":"","footnotes":""},"categories":[183],"tags":[4587,6582,1846,6584,3538,6581,6583,242],"class_list":["post-8792","post","type-post","status-publish","format-standard","has-post-thumbnail","hentry","category-clima","tag-advierte","tag-descenso","tag-frio","tag-helada","tag-inumet","tag-marcado","tag-termico","tag-uruguay"],"amp_enabled":true,"_links":{"self":[{"href":"https:\/\/tododeporteynoticiasuruguay.com.uy\/new\/wp-json\/wp\/v2\/posts\/8792","targetHints":{"allow":["GET"]}}],"collection":[{"href":"https:\/\/tododeporteynoticiasuruguay.com.uy\/new\/wp-json\/wp\/v2\/posts"}],"about":[{"href":"https:\/\/tododeporteynoticiasuruguay.com.uy\/new\/wp-json\/wp\/v2\/types\/post"}],"author":[{"embeddable":true,"href":"https:\/\/tododeporteynoticiasuruguay.com.uy\/new\/wp-json\/wp\/v2\/users\/2"}],"replies":[{"embeddable":true,"href":"https:\/\/tododeporteynoticiasuruguay.com.uy\/new\/wp-json\/wp\/v2\/comments?post=8792"}],"version-history":[{"count":1,"href":"https:\/\/tododeporteynoticiasuruguay.com.uy\/new\/wp-json\/wp\/v2\/posts\/8792\/revisions"}],"predecessor-version":[{"id":8794,"href":"https:\/\/tododeporteynoticiasuruguay.com.uy\/new\/wp-json\/wp\/v2\/posts\/8792\/revisions\/8794"}],"wp:featuredmedia":[{"embeddable":true,"href":"https:\/\/tododeporteynoticiasuruguay.com.uy\/new\/wp-json\/wp\/v2\/media\/8793"}],"wp:attachment":[{"href":"https:\/\/tododeporteynoticiasuruguay.com.uy\/new\/wp-json\/wp\/v2\/media?parent=8792"}],"wp:term":[{"taxonomy":"category","embeddable":true,"href":"https:\/\/tododeporteynoticiasuruguay.com.uy\/new\/wp-json\/wp\/v2\/categories?post=8792"},{"taxonomy":"post_tag","embeddable":true,"href":"https:\/\/tododeporteynoticiasuruguay.com.uy\/new\/wp-json\/wp\/v2\/tags?post=8792"}],"curies":[{"name":"wp","href":"https:\/\/api.w.org\/{rel}","templated":true}]}}