{"id":8785,"date":"2026-04-28T08:06:29","date_gmt":"2026-04-28T11:06:29","guid":{"rendered":"https:\/\/tododeporteynoticiasuruguay.com.uy\/new\/?p=8785"},"modified":"2026-04-28T08:07:05","modified_gmt":"2026-04-28T11:07:05","slug":"instalan-senaletica-urbana-en-el-barrio-parques-y-jardines-de-carmelo","status":"publish","type":"post","link":"https:\/\/tododeporteynoticiasuruguay.com.uy\/new\/2026\/04\/28\/instalan-senaletica-urbana-en-el-barrio-parques-y-jardines-de-carmelo\/","title":{"rendered":"Instalan se\u00f1al\u00e9tica urbana en el barrio Parques y Jardines de Carmelo"},"content":{"rendered":"\n<p>La iniciativa forma parte del proyecto de regularizaci\u00f3n y mejora del territorio impulsado por el Ministerio de Vivienda y la Intendencia de Colonia.<br>En el marco del plan de ordenamiento territorial y mejora de la infraestructura urbana, se llev\u00f3 a cabo la instalaci\u00f3n de carteler\u00eda y se\u00f1al\u00e9tica en el asentamiento Barrio Parques y Jardines, en la ciudad de Carmelo. Esta acci\u00f3n se desprende de un proyecto conjunto entre el Ministerio de Vivienda y Ordenamiento Territorial (MVOT) y la Intendencia de Colonia, con el apoyo activo del Municipio de Carmelo.<\/p>\n\n\n\n<p>Avances en la integraci\u00f3n urbana y convivencia<br>La colocaci\u00f3n de estos carteles no representa \u00fanicamente una mejora est\u00e9tica, sino que es un paso fundamental para el ordenamiento del barrio. La correcta identificaci\u00f3n de las v\u00edas de tr\u00e1nsito y espacios p\u00fablicos facilita el acceso de servicios de emergencia, la distribuci\u00f3n de correspondencia y, fundamentalmente, fortalece el sentido de pertenencia de los vecinos.<\/p>\n\n\n\n<p>Desde el Municipio de Carmelo se subray\u00f3 que estas intervenciones son claves para la convivencia ciudadana y la dignificaci\u00f3n del entorno habitacional. El proyecto busca transformar la realidad de los asentamientos mediante una gesti\u00f3n que combine la infraestructura b\u00e1sica con el ordenamiento legal y territorial.<\/p>\n\n\n\n<p>Continuidad del proyecto de regularizaci\u00f3n<br>El trabajo en Barrio Parques y Jardines se alinea con las pol\u00edticas habitacionales que buscan la integraci\u00f3n de zonas hist\u00f3ricamente postergadas. La Intendencia de Colonia y el gobierno central mantienen una agenda de monitoreo sobre estas acciones, asegurando que el crecimiento de la localidad se realice de forma planificada y con los servicios b\u00e1sicos necesarios para la poblaci\u00f3n.<\/p>\n","protected":false},"excerpt":{"rendered":"<p>La iniciativa forma parte del proyecto de regularizaci\u00f3n y mejora del territorio impulsado por el Ministerio de Vivienda y la Intendencia de Colonia.En el marco del plan de ordenamiento territorial y mejora de la infraestructura urbana, se llev\u00f3 a cabo la instalaci\u00f3n de carteler\u00eda y se\u00f1al\u00e9tica en el asentamiento Barrio Parques y Jardines, en la [&hellip;]<\/p>\n","protected":false},"author":2,"featured_media":8786,"comment_status":"closed","ping_status":"closed","sticky":false,"template":"","format":"standard","meta":{"pagelayer_contact_templates":[],"_pagelayer_content":"","footnotes":""},"categories":[5703],"tags":[1299,363,6579,3478,2139,6580,1288,242],"class_list":["post-8785","post","type-post","status-publish","format-standard","has-post-thumbnail","hentry","category-departamentales","tag-barrio","tag-carmelo","tag-instalan","tag-jardines","tag-parque","tag-senaletica","tag-urbana","tag-uruguay"],"amp_enabled":true,"_links":{"self":[{"href":"https:\/\/tododeporteynoticiasuruguay.com.uy\/new\/wp-json\/wp\/v2\/posts\/8785","targetHints":{"allow":["GET"]}}],"collection":[{"href":"https:\/\/tododeporteynoticiasuruguay.com.uy\/new\/wp-json\/wp\/v2\/posts"}],"about":[{"href":"https:\/\/tododeporteynoticiasuruguay.com.uy\/new\/wp-json\/wp\/v2\/types\/post"}],"author":[{"embeddable":true,"href":"https:\/\/tododeporteynoticiasuruguay.com.uy\/new\/wp-json\/wp\/v2\/users\/2"}],"replies":[{"embeddable":true,"href":"https:\/\/tododeporteynoticiasuruguay.com.uy\/new\/wp-json\/wp\/v2\/comments?post=8785"}],"version-history":[{"count":1,"href":"https:\/\/tododeporteynoticiasuruguay.com.uy\/new\/wp-json\/wp\/v2\/posts\/8785\/revisions"}],"predecessor-version":[{"id":8787,"href":"https:\/\/tododeporteynoticiasuruguay.com.uy\/new\/wp-json\/wp\/v2\/posts\/8785\/revisions\/8787"}],"wp:featuredmedia":[{"embeddable":true,"href":"https:\/\/tododeporteynoticiasuruguay.com.uy\/new\/wp-json\/wp\/v2\/media\/8786"}],"wp:attachment":[{"href":"https:\/\/tododeporteynoticiasuruguay.com.uy\/new\/wp-json\/wp\/v2\/media?parent=8785"}],"wp:term":[{"taxonomy":"category","embeddable":true,"href":"https:\/\/tododeporteynoticiasuruguay.com.uy\/new\/wp-json\/wp\/v2\/categories?post=8785"},{"taxonomy":"post_tag","embeddable":true,"href":"https:\/\/tododeporteynoticiasuruguay.com.uy\/new\/wp-json\/wp\/v2\/tags?post=8785"}],"curies":[{"name":"wp","href":"https:\/\/api.w.org\/{rel}","templated":true}]}}