{"id":8782,"date":"2026-04-28T08:00:35","date_gmt":"2026-04-28T11:00:35","guid":{"rendered":"https:\/\/tododeporteynoticiasuruguay.com.uy\/new\/?p=8782"},"modified":"2026-04-28T08:02:36","modified_gmt":"2026-04-28T11:02:36","slug":"imputan-por-lavado-de-activos-a-betito-suarez-la-justicia-prorrogo-su-prision-preventiva-hasta-octubre","status":"publish","type":"post","link":"https:\/\/tododeporteynoticiasuruguay.com.uy\/new\/2026\/04\/28\/imputan-por-lavado-de-activos-a-betito-suarez-la-justicia-prorrogo-su-prision-preventiva-hasta-octubre\/","title":{"rendered":"Imputan por lavado de activos a \u00abBetito\u00bb Su\u00e1rez: la Justicia prorrog\u00f3 su prisi\u00f3n preventiva hasta octubre"},"content":{"rendered":"\n<p>Tras una audiencia reservada, la Fiscal\u00eda de Estupefacientes formaliz\u00f3 la investigaci\u00f3n por blanqueo de capitales contra el l\u00edder criminal y extendi\u00f3 la medida cautelar para profundizar las actuaciones sobre su entorno familiar.<\/p>\n\n\n\n<p>La Justicia uruguaya determin\u00f3 este lunes la imputaci\u00f3n de Luis Alberto \u201cBetito\u201d Su\u00e1rez por un delito de lavado de activos. En el marco de una audiencia reservada, se resolvi\u00f3 adem\u00e1s prorrogar su prisi\u00f3n preventiva hasta el pr\u00f3ximo mes de octubre, mientras contin\u00faa el proceso de investigaci\u00f3n.<\/p>\n\n\n\n<p>Su\u00e1rez, se\u00f1alado hist\u00f3ricamente como uno de los delincuentes de mayor peligrosidad en el sistema penitenciario y el \u00e1mbito criminal local, permanece recluido desde noviembre de 2025. En aquella oportunidad, su detenci\u00f3n se produjo tras una serie de 17 allanamientos coordinados por la Polic\u00eda en el marco de un operativo antidrogas.<\/p>\n\n\n\n<p>El fiscal de Estupefacientes de 3.\u00b0 turno, Javier Morosoli, fue quien solicit\u00f3 la extensi\u00f3n de la medida cautelar que inicialmente venc\u00eda en mayo. Seg\u00fan fuentes de la investigaci\u00f3n, el Ministerio P\u00fablico fundament\u00f3 el pedido en la necesidad de contar con m\u00e1s tiempo para analizar las ramificaciones financieras del denominado \u00abclan familiar\u00bb de Su\u00e1rez.<\/p>\n\n\n\n<p>La causa, que originalmente se centraba en el tr\u00e1fico de sustancias prohibidas, suma ahora la l\u00ednea de investigaci\u00f3n por lavado de activos, buscando desarticular la estructura econ\u00f3mica de la organizaci\u00f3n. Su\u00e1rez cuenta con un extenso prontuario delictivo que incluye m\u00faltiples condenas previas por narcotr\u00e1fico y delitos conexos.<\/p>\n","protected":false},"excerpt":{"rendered":"<p>Tras una audiencia reservada, la Fiscal\u00eda de Estupefacientes formaliz\u00f3 la investigaci\u00f3n por blanqueo de capitales contra el l\u00edder criminal y extendi\u00f3 la medida cautelar para profundizar las actuaciones sobre su entorno familiar. La Justicia uruguaya determin\u00f3 este lunes la imputaci\u00f3n de Luis Alberto \u201cBetito\u201d Su\u00e1rez por un delito de lavado de activos. En el marco [&hellip;]<\/p>\n","protected":false},"author":2,"featured_media":8783,"comment_status":"closed","ping_status":"closed","sticky":false,"template":"","format":"standard","meta":{"pagelayer_contact_templates":[],"_pagelayer_content":"","footnotes":""},"categories":[182],"tags":[1682,6578,6577,506,1681,2884,3906,1380,3930],"class_list":["post-8782","post","type-post","status-publish","format-standard","has-post-thumbnail","hentry","category-sucesos","tag-activos","tag-betito","tag-imputan","tag-justicia","tag-lavado","tag-octubre","tag-preventiva","tag-prision-2","tag-suarez"],"amp_enabled":true,"_links":{"self":[{"href":"https:\/\/tododeporteynoticiasuruguay.com.uy\/new\/wp-json\/wp\/v2\/posts\/8782","targetHints":{"allow":["GET"]}}],"collection":[{"href":"https:\/\/tododeporteynoticiasuruguay.com.uy\/new\/wp-json\/wp\/v2\/posts"}],"about":[{"href":"https:\/\/tododeporteynoticiasuruguay.com.uy\/new\/wp-json\/wp\/v2\/types\/post"}],"author":[{"embeddable":true,"href":"https:\/\/tododeporteynoticiasuruguay.com.uy\/new\/wp-json\/wp\/v2\/users\/2"}],"replies":[{"embeddable":true,"href":"https:\/\/tododeporteynoticiasuruguay.com.uy\/new\/wp-json\/wp\/v2\/comments?post=8782"}],"version-history":[{"count":1,"href":"https:\/\/tododeporteynoticiasuruguay.com.uy\/new\/wp-json\/wp\/v2\/posts\/8782\/revisions"}],"predecessor-version":[{"id":8784,"href":"https:\/\/tododeporteynoticiasuruguay.com.uy\/new\/wp-json\/wp\/v2\/posts\/8782\/revisions\/8784"}],"wp:featuredmedia":[{"embeddable":true,"href":"https:\/\/tododeporteynoticiasuruguay.com.uy\/new\/wp-json\/wp\/v2\/media\/8783"}],"wp:attachment":[{"href":"https:\/\/tododeporteynoticiasuruguay.com.uy\/new\/wp-json\/wp\/v2\/media?parent=8782"}],"wp:term":[{"taxonomy":"category","embeddable":true,"href":"https:\/\/tododeporteynoticiasuruguay.com.uy\/new\/wp-json\/wp\/v2\/categories?post=8782"},{"taxonomy":"post_tag","embeddable":true,"href":"https:\/\/tododeporteynoticiasuruguay.com.uy\/new\/wp-json\/wp\/v2\/tags?post=8782"}],"curies":[{"name":"wp","href":"https:\/\/api.w.org\/{rel}","templated":true}]}}