{"id":8776,"date":"2026-04-28T07:51:29","date_gmt":"2026-04-28T10:51:29","guid":{"rendered":"https:\/\/tododeporteynoticiasuruguay.com.uy\/new\/?p=8776"},"modified":"2026-04-28T07:51:29","modified_gmt":"2026-04-28T10:51:29","slug":"robo-de-monumento-en-parque-batlle-patrimonio-advierte-por-una-crisis-cultural-y-social","status":"publish","type":"post","link":"https:\/\/tododeporteynoticiasuruguay.com.uy\/new\/2026\/04\/28\/robo-de-monumento-en-parque-batlle-patrimonio-advierte-por-una-crisis-cultural-y-social\/","title":{"rendered":"Robo de monumento en Parque Batlle: Patrimonio advierte por una \u00abcrisis cultural y social\u00bb"},"content":{"rendered":"\n<p>Delincuentes sustrajeron el busto de Pierre de Coubertin en las inmediaciones del Estadio Centenario. El director de Patrimonio, Marcel Su\u00e1rez, calific\u00f3 el hecho como un \u00abda\u00f1o irreversible\u00bb a la identidad nacional.<br>La Polic\u00eda de Montevideo investiga el robo del busto que homenajea al historiador franc\u00e9s Pierre de Coubertin, ubicado en la intersecci\u00f3n de la Avenida Ricaldoni y la calle Catalu\u00f1a, en pleno coraz\u00f3n del Parque Batlle. El hecho, detectado este lunes, se suma a una serie de actos de vandalismo contra el mobiliario p\u00fablico y monumentos hist\u00f3ricos de la capital.<\/p>\n\n\n\n<p>El director de la Comisi\u00f3n del Patrimonio Cultural de la Naci\u00f3n, Marcel Su\u00e1rez, expres\u00f3 su profunda preocupaci\u00f3n ante lo que considera un s\u00edntoma de un deterioro social profundo. \u201cEl da\u00f1o es irreversible, es un s\u00edntoma de una crisis cultural y social en una sociedad donde hay violencia naturalizada. Es grave a nivel material y simb\u00f3lico\u201d, se\u00f1al\u00f3 el jerarca en declaraciones a Subrayado.<\/p>\n\n\n\n<p>Su\u00e1rez enfatiz\u00f3 que estos episodios representan una p\u00e9rdida de los componentes de la identidad cultural uruguaya y cuestion\u00f3 la falta de medidas preventivas. Seg\u00fan el jerarca, la protecci\u00f3n de estos bienes requiere de una mayor asignaci\u00f3n de recursos humanos y materiales para evitar que el patrimonio com\u00fan contin\u00fae siendo blanco de la delincuencia.<\/p>\n\n\n\n<p>Actualmente, las autoridades analizan las grabaciones de las c\u00e1maras de videovigilancia instaladas en la zona para identificar a los responsables. Asimismo, el director de Patrimonio puso el foco en el mercado de receptaci\u00f3n, planteando la interrogante sobre qui\u00e9nes son los compradores finales del bronce sustra\u00eddo de los espacios p\u00fablicos.<\/p>\n","protected":false},"excerpt":{"rendered":"<p>Delincuentes sustrajeron el busto de Pierre de Coubertin en las inmediaciones del Estadio Centenario. El director de Patrimonio, Marcel Su\u00e1rez, calific\u00f3 el hecho como un \u00abda\u00f1o irreversible\u00bb a la identidad nacional.La Polic\u00eda de Montevideo investiga el robo del busto que homenajea al historiador franc\u00e9s Pierre de Coubertin, ubicado en la intersecci\u00f3n de la Avenida Ricaldoni [&hellip;]<\/p>\n","protected":false},"author":2,"featured_media":8777,"comment_status":"closed","ping_status":"closed","sticky":false,"template":"","format":"standard","meta":{"pagelayer_contact_templates":[],"_pagelayer_content":"","footnotes":""},"categories":[182],"tags":[6575,6576,6574,2139,3127,1858],"class_list":["post-8776","post","type-post","status-publish","format-standard","has-post-thumbnail","hentry","category-sucesos","tag-batlle","tag-crisis","tag-monumento","tag-parque","tag-patrimonio","tag-robo"],"amp_enabled":true,"_links":{"self":[{"href":"https:\/\/tododeporteynoticiasuruguay.com.uy\/new\/wp-json\/wp\/v2\/posts\/8776","targetHints":{"allow":["GET"]}}],"collection":[{"href":"https:\/\/tododeporteynoticiasuruguay.com.uy\/new\/wp-json\/wp\/v2\/posts"}],"about":[{"href":"https:\/\/tododeporteynoticiasuruguay.com.uy\/new\/wp-json\/wp\/v2\/types\/post"}],"author":[{"embeddable":true,"href":"https:\/\/tododeporteynoticiasuruguay.com.uy\/new\/wp-json\/wp\/v2\/users\/2"}],"replies":[{"embeddable":true,"href":"https:\/\/tododeporteynoticiasuruguay.com.uy\/new\/wp-json\/wp\/v2\/comments?post=8776"}],"version-history":[{"count":2,"href":"https:\/\/tododeporteynoticiasuruguay.com.uy\/new\/wp-json\/wp\/v2\/posts\/8776\/revisions"}],"predecessor-version":[{"id":8779,"href":"https:\/\/tododeporteynoticiasuruguay.com.uy\/new\/wp-json\/wp\/v2\/posts\/8776\/revisions\/8779"}],"wp:featuredmedia":[{"embeddable":true,"href":"https:\/\/tododeporteynoticiasuruguay.com.uy\/new\/wp-json\/wp\/v2\/media\/8777"}],"wp:attachment":[{"href":"https:\/\/tododeporteynoticiasuruguay.com.uy\/new\/wp-json\/wp\/v2\/media?parent=8776"}],"wp:term":[{"taxonomy":"category","embeddable":true,"href":"https:\/\/tododeporteynoticiasuruguay.com.uy\/new\/wp-json\/wp\/v2\/categories?post=8776"},{"taxonomy":"post_tag","embeddable":true,"href":"https:\/\/tododeporteynoticiasuruguay.com.uy\/new\/wp-json\/wp\/v2\/tags?post=8776"}],"curies":[{"name":"wp","href":"https:\/\/api.w.org\/{rel}","templated":true}]}}