{"id":8773,"date":"2026-04-27T10:35:07","date_gmt":"2026-04-27T13:35:07","guid":{"rendered":"https:\/\/tododeporteynoticiasuruguay.com.uy\/new\/?p=8773"},"modified":"2026-04-27T10:35:08","modified_gmt":"2026-04-27T13:35:08","slug":"temporal-de-viento-en-canelones-el-centro-de-emergencias-registro-60-pedidos-de-asistencia","status":"publish","type":"post","link":"https:\/\/tododeporteynoticiasuruguay.com.uy\/new\/2026\/04\/27\/temporal-de-viento-en-canelones-el-centro-de-emergencias-registro-60-pedidos-de-asistencia\/","title":{"rendered":"Temporal de viento en Canelones: el Centro de Emergencias registr\u00f3 60 pedidos de asistencia"},"content":{"rendered":"\n<p>La franja costera y el eje de la ruta 5 fueron las zonas m\u00e1s afectadas. Cuadrillas municipales trabajan en el despeje de rutas y la reparaci\u00f3n del tendido el\u00e9ctrico afectado por la ca\u00edda de \u00e1rboles.<br>El Gobierno de Canelones emiti\u00f3 un nuevo reporte sobre las consecuencias de los vientos fuertes que afectaron al departamento en las \u00faltimas horas. Seg\u00fan el relevamiento oficial, el Centro Coordinador de Emergencias Departamentales (CECOED) recibi\u00f3 un total de 60 solicitudes de asistencia derivadas de las condiciones clim\u00e1ticas adversas.<\/p>\n\n\n\n<p>Impacto en la infraestructura y servicios<br>La mayor parte de las intervenciones estuvieron vinculadas a la ca\u00edda de \u00e1rboles, con 34 reportes, lo que a su vez deriv\u00f3 en 21 afectaciones directas en el tendido el\u00e9ctrico y el bloqueo de cuatro v\u00edas de tr\u00e1nsito. Asimismo, se registr\u00f3 una vivienda con da\u00f1os estructurales.<\/p>\n\n\n\n<p>Las zonas con mayor impacto se concentraron en la franja costera y el eje de la Ruta 5, aunque tambi\u00e9n se reportaron incidentes de menor magnitud en las ciudades de Canelones y Santa Luc\u00eda.<\/p>\n\n\n\n<p>Detalle por municipios<br>La Ciudad de la Costa fue el punto m\u00e1s cr\u00edtico con 24 llamados, seguida por Salinas (6), mientras que La Floresta, La Paz, Parque del Plata y Paso Carrasco registraron 4 pedidos de auxilio cada uno. Otros municipios como Las Piedras, Soca, Progreso y la capital departamental tambi\u00e9n requirieron la intervenci\u00f3n de los equipos municipales.<\/p>\n\n\n\n<p>Desde la Intendencia informaron que se mantiene el monitoreo permanente de la situaci\u00f3n, dado que persisten las condiciones meteorol\u00f3gicas inestables en la regi\u00f3n. Se recomienda a la poblaci\u00f3n extremar los cuidados en la v\u00eda p\u00fablica y reportar cualquier incidencia a trav\u00e9s de los canales oficiales.<\/p>\n\n\n\n<p><\/p>\n","protected":false},"excerpt":{"rendered":"<p>La franja costera y el eje de la ruta 5 fueron las zonas m\u00e1s afectadas. Cuadrillas municipales trabajan en el despeje de rutas y la reparaci\u00f3n del tendido el\u00e9ctrico afectado por la ca\u00edda de \u00e1rboles.El Gobierno de Canelones emiti\u00f3 un nuevo reporte sobre las consecuencias de los vientos fuertes que afectaron al departamento en las [&hellip;]<\/p>\n","protected":false},"author":2,"featured_media":8774,"comment_status":"closed","ping_status":"closed","sticky":false,"template":"","format":"standard","meta":{"pagelayer_contact_templates":[],"_pagelayer_content":"","footnotes":""},"categories":[183,5703],"tags":[514,2091,2070,4051,242,2368],"class_list":["post-8773","post","type-post","status-publish","format-standard","has-post-thumbnail","hentry","category-clima","category-departamentales","tag-canelones","tag-centro","tag-emergencias","tag-temporal","tag-uruguay","tag-viento"],"amp_enabled":true,"_links":{"self":[{"href":"https:\/\/tododeporteynoticiasuruguay.com.uy\/new\/wp-json\/wp\/v2\/posts\/8773","targetHints":{"allow":["GET"]}}],"collection":[{"href":"https:\/\/tododeporteynoticiasuruguay.com.uy\/new\/wp-json\/wp\/v2\/posts"}],"about":[{"href":"https:\/\/tododeporteynoticiasuruguay.com.uy\/new\/wp-json\/wp\/v2\/types\/post"}],"author":[{"embeddable":true,"href":"https:\/\/tododeporteynoticiasuruguay.com.uy\/new\/wp-json\/wp\/v2\/users\/2"}],"replies":[{"embeddable":true,"href":"https:\/\/tododeporteynoticiasuruguay.com.uy\/new\/wp-json\/wp\/v2\/comments?post=8773"}],"version-history":[{"count":1,"href":"https:\/\/tododeporteynoticiasuruguay.com.uy\/new\/wp-json\/wp\/v2\/posts\/8773\/revisions"}],"predecessor-version":[{"id":8775,"href":"https:\/\/tododeporteynoticiasuruguay.com.uy\/new\/wp-json\/wp\/v2\/posts\/8773\/revisions\/8775"}],"wp:featuredmedia":[{"embeddable":true,"href":"https:\/\/tododeporteynoticiasuruguay.com.uy\/new\/wp-json\/wp\/v2\/media\/8774"}],"wp:attachment":[{"href":"https:\/\/tododeporteynoticiasuruguay.com.uy\/new\/wp-json\/wp\/v2\/media?parent=8773"}],"wp:term":[{"taxonomy":"category","embeddable":true,"href":"https:\/\/tododeporteynoticiasuruguay.com.uy\/new\/wp-json\/wp\/v2\/categories?post=8773"},{"taxonomy":"post_tag","embeddable":true,"href":"https:\/\/tododeporteynoticiasuruguay.com.uy\/new\/wp-json\/wp\/v2\/tags?post=8773"}],"curies":[{"name":"wp","href":"https:\/\/api.w.org\/{rel}","templated":true}]}}