{"id":8755,"date":"2026-04-26T20:22:52","date_gmt":"2026-04-26T23:22:52","guid":{"rendered":"https:\/\/tododeporteynoticiasuruguay.com.uy\/new\/?p=8755"},"modified":"2026-04-26T20:22:53","modified_gmt":"2026-04-26T23:22:53","slug":"confirmaron-horarios-y-detalles-de-la-carrera-los-ceibos-en-tala-largadas-comenzaran-a-las-1000","status":"publish","type":"post","link":"https:\/\/tododeporteynoticiasuruguay.com.uy\/new\/2026\/04\/26\/confirmaron-horarios-y-detalles-de-la-carrera-los-ceibos-en-tala-largadas-comenzaran-a-las-1000\/","title":{"rendered":"Confirmaron horarios y detalles de la carrera \u00abLos Ceibos\u00bb en Tala: largadas comenzar\u00e1n a las 10:00"},"content":{"rendered":"\n<p>La organizaci\u00f3n anunci\u00f3 que habr\u00e1 medallas para todos los participantes y trofeos para los ganadores de las pruebas de 5K y 12K.<br>La organizaci\u00f3n de la jornada deportiva \u00abCorre y Camina Los Ceibos\u00bb, que se llevar\u00e1 a cabo el pr\u00f3ximo viernes 1\u00ba de mayo en el kil\u00f3metro 87 de la Ruta 65 (Tala, Canelones), brind\u00f3 precisiones sobre el cronograma y la premiaci\u00f3n del evento. La actividad, que busca recaudar fondos para el ballet folkl\u00f3rico local, iniciar\u00e1 su operativa desde temprano en la ma\u00f1ana.<\/p>\n\n\n\n<p>Seg\u00fan el cronograma oficial, las inscripciones presenciales se habilitar\u00e1n a las 8:00 AM. Las competencias tendr\u00e1n un esquema de largadas escalonadas para asegurar el correcto flujo de los corredores:<\/p>\n\n\n\n<p>10:00 AM: Carrera de ni\u00f1os (participaci\u00f3n gratuita).<\/p>\n\n\n\n<p>10:20 AM: Prueba competitiva de 12K.<\/p>\n\n\n\n<p>10:30 AM: Prueba de 5K.<\/p>\n\n\n\n<p>En cuanto a los reconocimientos, se inform\u00f3 que todos los deportistas que completen el recorrido recibir\u00e1n una medalla \u00abfinisher\u00bb. Adem\u00e1s, se entregar\u00e1n trofeos a quienes alcancen los tres primeros puestos en las categor\u00edas general de ambas distancias, tanto en la rama femenina como masculina.<\/p>\n\n\n\n<p>La propuesta no ser\u00e1 exclusivamente deportiva, ya que se prev\u00e9 un cierre con sorteos y actividades recreativas para los asistentes, con el fin de fomentar el car\u00e1cter familiar y festivo de la jornada en el departamento canario.<br>Para aquellos interesados en obtener mayor informaci\u00f3n o realizar consultas espec\u00edficas, la organizaci\u00f3n dispuso el contacto directo con <strong>Seba Barreto al tel\u00e9fono 099 411 385<\/strong>. La jornada promete ser un punto de encuentro para la familia, con sorteos y actividades recreativas que complementar\u00e1n la faz deportiva.<\/p>\n\n\n\n<p><\/p>\n","protected":false},"excerpt":{"rendered":"<p>La organizaci\u00f3n anunci\u00f3 que habr\u00e1 medallas para todos los participantes y trofeos para los ganadores de las pruebas de 5K y 12K.La organizaci\u00f3n de la jornada deportiva \u00abCorre y Camina Los Ceibos\u00bb, que se llevar\u00e1 a cabo el pr\u00f3ximo viernes 1\u00ba de mayo en el kil\u00f3metro 87 de la Ruta 65 (Tala, Canelones), brind\u00f3 precisiones [&hellip;]<\/p>\n","protected":false},"author":2,"featured_media":8756,"comment_status":"closed","ping_status":"closed","sticky":false,"template":"","format":"standard","meta":{"pagelayer_contact_templates":[],"_pagelayer_content":"","footnotes":""},"categories":[6],"tags":[514,4316,6160,6567,5418,242],"class_list":["post-8755","post","type-post","status-publish","format-standard","has-post-thumbnail","hentry","category-deporte","tag-canelones","tag-detalles","tag-horarios","tag-los-ceibos","tag-tala","tag-uruguay"],"amp_enabled":true,"_links":{"self":[{"href":"https:\/\/tododeporteynoticiasuruguay.com.uy\/new\/wp-json\/wp\/v2\/posts\/8755","targetHints":{"allow":["GET"]}}],"collection":[{"href":"https:\/\/tododeporteynoticiasuruguay.com.uy\/new\/wp-json\/wp\/v2\/posts"}],"about":[{"href":"https:\/\/tododeporteynoticiasuruguay.com.uy\/new\/wp-json\/wp\/v2\/types\/post"}],"author":[{"embeddable":true,"href":"https:\/\/tododeporteynoticiasuruguay.com.uy\/new\/wp-json\/wp\/v2\/users\/2"}],"replies":[{"embeddable":true,"href":"https:\/\/tododeporteynoticiasuruguay.com.uy\/new\/wp-json\/wp\/v2\/comments?post=8755"}],"version-history":[{"count":1,"href":"https:\/\/tododeporteynoticiasuruguay.com.uy\/new\/wp-json\/wp\/v2\/posts\/8755\/revisions"}],"predecessor-version":[{"id":8757,"href":"https:\/\/tododeporteynoticiasuruguay.com.uy\/new\/wp-json\/wp\/v2\/posts\/8755\/revisions\/8757"}],"wp:featuredmedia":[{"embeddable":true,"href":"https:\/\/tododeporteynoticiasuruguay.com.uy\/new\/wp-json\/wp\/v2\/media\/8756"}],"wp:attachment":[{"href":"https:\/\/tododeporteynoticiasuruguay.com.uy\/new\/wp-json\/wp\/v2\/media?parent=8755"}],"wp:term":[{"taxonomy":"category","embeddable":true,"href":"https:\/\/tododeporteynoticiasuruguay.com.uy\/new\/wp-json\/wp\/v2\/categories?post=8755"},{"taxonomy":"post_tag","embeddable":true,"href":"https:\/\/tododeporteynoticiasuruguay.com.uy\/new\/wp-json\/wp\/v2\/tags?post=8755"}],"curies":[{"name":"wp","href":"https:\/\/api.w.org\/{rel}","templated":true}]}}