{"id":8752,"date":"2026-04-26T19:56:36","date_gmt":"2026-04-26T22:56:36","guid":{"rendered":"https:\/\/tododeporteynoticiasuruguay.com.uy\/new\/?p=8752"},"modified":"2026-04-26T19:56:37","modified_gmt":"2026-04-26T22:56:37","slug":"nueva-helvecia-recibira-la-segunda-fecha-del-campeonato-nacional-de-karting-en-tierra","status":"publish","type":"post","link":"https:\/\/tododeporteynoticiasuruguay.com.uy\/new\/2026\/04\/26\/nueva-helvecia-recibira-la-segunda-fecha-del-campeonato-nacional-de-karting-en-tierra\/","title":{"rendered":"Nueva Helvecia recibir\u00e1 la segunda fecha del Campeonato Nacional de Karting en Tierra"},"content":{"rendered":"\n<p><strong>La cita motora tendr\u00e1 lugar el pr\u00f3ximo 3 de mayo en la ciudad coloniense, prometiendo una jornada de alta competencia y adrenalina para los fan\u00e1ticos del deporte motor.<\/strong><\/p>\n\n\n\n<p>El automovilismo nacional suma un nuevo cap\u00edtulo en el interior del pa\u00eds. La organizaci\u00f3n del <strong>Campeonato Nacional de Karting en Tierra<\/strong> confirm\u00f3 que la <strong>segunda fecha<\/strong> de la temporada se disputar\u00e1 en <strong>Nueva Helvecia<\/strong> el pr\u00f3ximo <strong>domingo 3 de mayo<\/strong>.<\/p>\n\n\n\n<p>El evento, que se promociona bajo el lema \u00abPasi\u00f3n, potencia y tierra\u00bb, busca consolidar la disciplina en el departamento de Colonia, atrayendo a competidores de diversos puntos del territorio uruguayo. Tras el inicio de la temporada, esta segunda etapa resulta clave para las aspiraciones de los pilotos en la tabla de posiciones general.<\/p>\n\n\n\n<p>Desde la organizaci\u00f3n se destaca el car\u00e1cter familiar del evento, subrayando que la competencia combina la adrenalina de las pistas con un entorno apto para todo p\u00fablico. Se espera una importante afluencia de espectadores, lo que generar\u00e1 un impacto positivo en el turismo local y la actividad comercial de la zona durante el fin de semana.<\/p>\n\n\n\n<p><\/p>\n","protected":false},"excerpt":{"rendered":"<p>La cita motora tendr\u00e1 lugar el pr\u00f3ximo 3 de mayo en la ciudad coloniense, prometiendo una jornada de alta competencia y adrenalina para los fan\u00e1ticos del deporte motor. El automovilismo nacional suma un nuevo cap\u00edtulo en el interior del pa\u00eds. La organizaci\u00f3n del Campeonato Nacional de Karting en Tierra confirm\u00f3 que la segunda fecha de [&hellip;]<\/p>\n","protected":false},"author":2,"featured_media":8753,"comment_status":"closed","ping_status":"closed","sticky":false,"template":"","format":"standard","meta":{"pagelayer_contact_templates":[],"_pagelayer_content":"","footnotes":""},"categories":[6],"tags":[560,1726,219,6566,4645],"class_list":["post-8752","post","type-post","status-publish","format-standard","has-post-thumbnail","hentry","category-deporte","tag-karting","tag-nacional","tag-nueva-helvecia","tag-segunda-fecha","tag-tierra"],"amp_enabled":true,"_links":{"self":[{"href":"https:\/\/tododeporteynoticiasuruguay.com.uy\/new\/wp-json\/wp\/v2\/posts\/8752","targetHints":{"allow":["GET"]}}],"collection":[{"href":"https:\/\/tododeporteynoticiasuruguay.com.uy\/new\/wp-json\/wp\/v2\/posts"}],"about":[{"href":"https:\/\/tododeporteynoticiasuruguay.com.uy\/new\/wp-json\/wp\/v2\/types\/post"}],"author":[{"embeddable":true,"href":"https:\/\/tododeporteynoticiasuruguay.com.uy\/new\/wp-json\/wp\/v2\/users\/2"}],"replies":[{"embeddable":true,"href":"https:\/\/tododeporteynoticiasuruguay.com.uy\/new\/wp-json\/wp\/v2\/comments?post=8752"}],"version-history":[{"count":1,"href":"https:\/\/tododeporteynoticiasuruguay.com.uy\/new\/wp-json\/wp\/v2\/posts\/8752\/revisions"}],"predecessor-version":[{"id":8754,"href":"https:\/\/tododeporteynoticiasuruguay.com.uy\/new\/wp-json\/wp\/v2\/posts\/8752\/revisions\/8754"}],"wp:featuredmedia":[{"embeddable":true,"href":"https:\/\/tododeporteynoticiasuruguay.com.uy\/new\/wp-json\/wp\/v2\/media\/8753"}],"wp:attachment":[{"href":"https:\/\/tododeporteynoticiasuruguay.com.uy\/new\/wp-json\/wp\/v2\/media?parent=8752"}],"wp:term":[{"taxonomy":"category","embeddable":true,"href":"https:\/\/tododeporteynoticiasuruguay.com.uy\/new\/wp-json\/wp\/v2\/categories?post=8752"},{"taxonomy":"post_tag","embeddable":true,"href":"https:\/\/tododeporteynoticiasuruguay.com.uy\/new\/wp-json\/wp\/v2\/tags?post=8752"}],"curies":[{"name":"wp","href":"https:\/\/api.w.org\/{rel}","templated":true}]}}