{"id":8746,"date":"2026-04-26T19:05:33","date_gmt":"2026-04-26T22:05:33","guid":{"rendered":"https:\/\/tododeporteynoticiasuruguay.com.uy\/new\/?p=8746"},"modified":"2026-04-26T19:05:34","modified_gmt":"2026-04-26T22:05:34","slug":"mariana-garcia-britos-celebro-su-cumpleanos-con-podio-en-el-gran-fondo-del-tour-uruguay","status":"publish","type":"post","link":"https:\/\/tododeporteynoticiasuruguay.com.uy\/new\/2026\/04\/26\/mariana-garcia-britos-celebro-su-cumpleanos-con-podio-en-el-gran-fondo-del-tour-uruguay\/","title":{"rendered":"Mariana Garc\u00eda Britos celebr\u00f3 su cumplea\u00f1os con podio en el Gran Fondo del Tour Uruguay"},"content":{"rendered":"\n<p>La ciclista uruguaya complet\u00f3 el exigente recorrido de 90 kil\u00f3metros con un tiempo de 02:14:38, posicion\u00e1ndose como l\u00edder en su categor\u00eda y reafirmando su vigencia en el pedal nacional.<br>El ciclismo nacional sum\u00f3 un cap\u00edtulo de destaque este fin de semana con la actuaci\u00f3n de Mariana Garc\u00eda Britos en el Tour Uruguay. La deportista no solo particip\u00f3 de la competencia en el d\u00eda de su aniversario, sino que registr\u00f3 un desempe\u00f1o de alto nivel en la modalidad de Gran Fondo, consolid\u00e1ndose en los puestos de vanguardia de la clasificaci\u00f3n general femenina.<\/p>\n\n\n\n<p>Garc\u00eda Britos cronometr\u00f3 un tiempo oficial de 02:14:38, alcanzando una velocidad promedio de 42.78 km\/h, una cifra que refleja la alta exigencia y el ritmo sostenido de la prueba. Con este resultado, la ciclista se ubic\u00f3 en la primera posici\u00f3n de su categor\u00eda (F 35-39), reafirmando la consistencia que viene trabajando junto a su equipo t\u00e9cnico.<\/p>\n\n\n\n<p>Tras cruzar la meta, la atleta destac\u00f3 la organizaci\u00f3n del evento y agradeci\u00f3 el apoyo de patrocinadores y profesionales de la salud. \u00abEs una fiesta que me permite seguir trabajando por lo que so\u00f1amos d\u00eda a d\u00eda\u00bb, expres\u00f3, subrayando adem\u00e1s la importancia de visibilizar el ciclismo femenino en igualdad de condiciones con el masculino.<\/p>\n\n\n\n<p>A pesar de la coincidencia de la fecha con su cumplea\u00f1os, Garc\u00eda Britos eligi\u00f3 la ruta para celebrar, agradeciendo especialmente a su familia por el respaldo en su carrera profesional. El Tour Uruguay se posiciona as\u00ed como un evento clave en el calendario, donde figuras como Garc\u00eda Britos contin\u00faan elevando el est\u00e1ndar de la disciplina en el pa\u00eds.<\/p>\n","protected":false},"excerpt":{"rendered":"<p>La ciclista uruguaya complet\u00f3 el exigente recorrido de 90 kil\u00f3metros con un tiempo de 02:14:38, posicion\u00e1ndose como l\u00edder en su categor\u00eda y reafirmando su vigencia en el pedal nacional.El ciclismo nacional sum\u00f3 un cap\u00edtulo de destaque este fin de semana con la actuaci\u00f3n de Mariana Garc\u00eda Britos en el Tour Uruguay. La deportista no solo [&hellip;]<\/p>\n","protected":false},"author":2,"featured_media":8747,"comment_status":"closed","ping_status":"closed","sticky":false,"template":"","format":"standard","meta":{"pagelayer_contact_templates":[],"_pagelayer_content":"","footnotes":""},"categories":[6],"tags":[2916,6559,6561,1656,4906,1896,6560,6562],"class_list":["post-8746","post","type-post","status-publish","format-standard","has-post-thumbnail","hentry","category-deporte","tag-britos","tag-celebro","tag-con-podio","tag-garcia","tag-gran-fondo","tag-mariana","tag-su-cumple","tag-toyur"],"amp_enabled":true,"_links":{"self":[{"href":"https:\/\/tododeporteynoticiasuruguay.com.uy\/new\/wp-json\/wp\/v2\/posts\/8746","targetHints":{"allow":["GET"]}}],"collection":[{"href":"https:\/\/tododeporteynoticiasuruguay.com.uy\/new\/wp-json\/wp\/v2\/posts"}],"about":[{"href":"https:\/\/tododeporteynoticiasuruguay.com.uy\/new\/wp-json\/wp\/v2\/types\/post"}],"author":[{"embeddable":true,"href":"https:\/\/tododeporteynoticiasuruguay.com.uy\/new\/wp-json\/wp\/v2\/users\/2"}],"replies":[{"embeddable":true,"href":"https:\/\/tododeporteynoticiasuruguay.com.uy\/new\/wp-json\/wp\/v2\/comments?post=8746"}],"version-history":[{"count":1,"href":"https:\/\/tododeporteynoticiasuruguay.com.uy\/new\/wp-json\/wp\/v2\/posts\/8746\/revisions"}],"predecessor-version":[{"id":8748,"href":"https:\/\/tododeporteynoticiasuruguay.com.uy\/new\/wp-json\/wp\/v2\/posts\/8746\/revisions\/8748"}],"wp:featuredmedia":[{"embeddable":true,"href":"https:\/\/tododeporteynoticiasuruguay.com.uy\/new\/wp-json\/wp\/v2\/media\/8747"}],"wp:attachment":[{"href":"https:\/\/tododeporteynoticiasuruguay.com.uy\/new\/wp-json\/wp\/v2\/media?parent=8746"}],"wp:term":[{"taxonomy":"category","embeddable":true,"href":"https:\/\/tododeporteynoticiasuruguay.com.uy\/new\/wp-json\/wp\/v2\/categories?post=8746"},{"taxonomy":"post_tag","embeddable":true,"href":"https:\/\/tododeporteynoticiasuruguay.com.uy\/new\/wp-json\/wp\/v2\/tags?post=8746"}],"curies":[{"name":"wp","href":"https:\/\/api.w.org\/{rel}","templated":true}]}}