{"id":8740,"date":"2026-04-26T18:43:37","date_gmt":"2026-04-26T21:43:37","guid":{"rendered":"https:\/\/tododeporteynoticiasuruguay.com.uy\/new\/?p=8740"},"modified":"2026-04-26T18:43:37","modified_gmt":"2026-04-26T21:43:37","slug":"cultura-y-financiamiento-marcaron-ultima-sesion-del-congreso-de-intendentes-en-actual-sede","status":"publish","type":"post","link":"https:\/\/tododeporteynoticiasuruguay.com.uy\/new\/2026\/04\/26\/cultura-y-financiamiento-marcaron-ultima-sesion-del-congreso-de-intendentes-en-actual-sede\/","title":{"rendered":"Cultura y financiamiento marcaron \u00faltima sesi\u00f3n del Congreso de Intendentes en actual sede"},"content":{"rendered":"\n<p>La 12\u00aa sesi\u00f3n plenaria marc\u00f3 el cierre de una etapa institucional y trat\u00f3 asuntos vinculados a descentralizaci\u00f3n, cultura, financiamiento.<br>El Congreso de Intendentes celebr\u00f3 el jueves 23 de abril de 2026 su d\u00e9cima segunda sesi\u00f3n plenaria, en lo que constituy\u00f3 la \u00faltima reuni\u00f3n realizada en su sede del 2do piso del Palacio Municipal. Seg\u00fan se inform\u00f3, la pr\u00f3xima sesi\u00f3n tendr\u00e1 lugar el 29 de mayo en Salto, mientras que en junio el plenario se realizar\u00e1 en la nueva sede del organismo ubicada en el barrio Prado de Montevideo.<\/p>\n\n\n\n<p>La jornada comenz\u00f3 con la aprobaci\u00f3n del acta anterior y continu\u00f3 con el informe de Mesa. El presidente del Congreso, Nicol\u00e1s Olivera, detall\u00f3 los aportes realizados al proyecto de ley de competitividad, actualmente en elaboraci\u00f3n por el Ministerio de Econom\u00eda y Finanzas.<\/p>\n\n\n\n<p>Por su parte, la Comisi\u00f3n de Seguimiento del Sucive inform\u00f3 acerca del avance del plan de regularizaci\u00f3n de deudas por multas de tr\u00e1nsito. Tambi\u00e9n se anunci\u00f3 una pr\u00f3xima reuni\u00f3n de directores de Tr\u00e1nsito y el estudio de las propuestas parlamentarias para reducir el valor de las sanciones.<\/p>\n\n\n\n<p><strong>Nueva integraci\u00f3n de la Comisi\u00f3n Sectorial de Descentralizaci\u00f3n<\/strong><\/p>\n\n\n\n<p>Durante la sesi\u00f3n se present\u00f3 la nueva integraci\u00f3n de la Comisi\u00f3n Sectorial de Descentralizaci\u00f3n para el per\u00edodo 2026\u20132027, proponi\u00e9ndose que sea presidida por el intendente de Artigas, Emiliano Soravilla.<\/p>\n\n\n\n<p>La integraci\u00f3n del Congreso de Intendentes ante la comisi\u00f3n qued\u00f3 conformada por los siguientes jefes departamentales: Emiliano Soravilla (Artigas), Ana Bentaberri (San Jos\u00e9), Cristian Morel (Cerro Largo), Francisco Legnani (Canelones), Guillermo Levratto (R\u00edo Negro) y Richard Sander (Rivera) como titulares; y Alejo Umpi\u00e9rrez (Rocha), Carlos Enciso (Florida), Diego Iraz\u00e1bal (Flores), Daniel Xim\u00e9nez (Lavalleja), Mario Bergara (Montevideo) y Carlos Albisu (Salto) como suplentes.<\/p>\n\n\n\n<p><strong>Educaci\u00f3n y Cultura en clave territorial&nbsp;<\/strong><\/p>\n\n\n\n<p>Durante la jornada, los Intendentes recibieron a autoridades del Ministerio de Educaci\u00f3n y Cultura, encabezadas por el ministro Jos\u00e9 Carlos Mah\u00eda, quien present\u00f3 una agenda de trabajo conjunta con \u00e9nfasis territorial. Entre las iniciativas destacadas se encuentran la creaci\u00f3n de la Universidad Nacional de la Educaci\u00f3n, el impulso al 4\u00b0 Congreso Nacional de Educaci\u00f3n y el desarrollo de programas culturales como \u201cEscenario Pa\u00eds\u201d, el fortalecimiento del Festival Internacional de Artes Esc\u00e9nicas (Fidae) que se realizar\u00e1 entre el 9 y el 18 de octubre de 2026, el \u201cMapa Sonoro del Uruguay\u201d y el programa de residencia para pr\u00e1cticas art\u00edsticas.<\/p>\n\n\n\n<p>Asimismo, se anunciaron actividades culturales de alcance nacional, como la realizaci\u00f3n de la \u201cNoche de las Librer\u00edas\u201d en el interior y giras del ballet y el coro del Sodre. En ese marco, el Ministro inform\u00f3 sobre el lanzamiento del \u201cD\u00eda del Patrimonio\u201d, que este a\u00f1o tendr\u00e1 como tem\u00e1tica las ra\u00edces ind\u00edgenas, y se present\u00f3 el programa de desarrollo territorial Espacios MEC, orientado a ampliar el acceso a la cultura en localidades del interior profundo, destac\u00e1ndose la necesidad de coordinaci\u00f3n con los gobiernos departamentales.&nbsp;<\/p>\n\n\n\n<p><strong>Financiamiento y proyectos de desarrollo regional<\/strong><\/p>\n\n\n\n<p>En otro orden, el plenario recibi\u00f3 a una delegaci\u00f3n de la CAF &#8211; Banco de Desarrollo de Am\u00e9rica Latina y el Caribe, encabezada por Miguel Ostos, representante del organismo en Uruguay, quienes expusieron sobre l\u00edneas de cooperaci\u00f3n t\u00e9cnica y financiamiento en \u00e1reas como transporte metropolitano, temas ferroviarios, gesti\u00f3n integral de residuos s\u00f3lidos, caminer\u00eda rural y digitalizaci\u00f3n.<\/p>\n\n\n\n<p>La pr\u00f3xima sesi\u00f3n se llevar\u00e1 a cabo el 29 de mayo en el departamento de Salto.<\/p>\n","protected":false},"excerpt":{"rendered":"<p>La 12\u00aa sesi\u00f3n plenaria marc\u00f3 el cierre de una etapa institucional y trat\u00f3 asuntos vinculados a descentralizaci\u00f3n, cultura, financiamiento.El Congreso de Intendentes celebr\u00f3 el jueves 23 de abril de 2026 su d\u00e9cima segunda sesi\u00f3n plenaria, en lo que constituy\u00f3 la \u00faltima reuni\u00f3n realizada en su sede del 2do piso del Palacio Municipal. Seg\u00fan se inform\u00f3, [&hellip;]<\/p>\n","protected":false},"author":2,"featured_media":8741,"comment_status":"closed","ping_status":"closed","sticky":false,"template":"","format":"standard","meta":{"pagelayer_contact_templates":[],"_pagelayer_content":"","footnotes":""},"categories":[5703],"tags":[603,626,1486,2871,242],"class_list":["post-8740","post","type-post","status-publish","format-standard","has-post-thumbnail","hentry","category-departamentales","tag-congreso","tag-intendentes","tag-plenaria","tag-sesion-2","tag-uruguay"],"amp_enabled":true,"_links":{"self":[{"href":"https:\/\/tododeporteynoticiasuruguay.com.uy\/new\/wp-json\/wp\/v2\/posts\/8740","targetHints":{"allow":["GET"]}}],"collection":[{"href":"https:\/\/tododeporteynoticiasuruguay.com.uy\/new\/wp-json\/wp\/v2\/posts"}],"about":[{"href":"https:\/\/tododeporteynoticiasuruguay.com.uy\/new\/wp-json\/wp\/v2\/types\/post"}],"author":[{"embeddable":true,"href":"https:\/\/tododeporteynoticiasuruguay.com.uy\/new\/wp-json\/wp\/v2\/users\/2"}],"replies":[{"embeddable":true,"href":"https:\/\/tododeporteynoticiasuruguay.com.uy\/new\/wp-json\/wp\/v2\/comments?post=8740"}],"version-history":[{"count":1,"href":"https:\/\/tododeporteynoticiasuruguay.com.uy\/new\/wp-json\/wp\/v2\/posts\/8740\/revisions"}],"predecessor-version":[{"id":8742,"href":"https:\/\/tododeporteynoticiasuruguay.com.uy\/new\/wp-json\/wp\/v2\/posts\/8740\/revisions\/8742"}],"wp:featuredmedia":[{"embeddable":true,"href":"https:\/\/tododeporteynoticiasuruguay.com.uy\/new\/wp-json\/wp\/v2\/media\/8741"}],"wp:attachment":[{"href":"https:\/\/tododeporteynoticiasuruguay.com.uy\/new\/wp-json\/wp\/v2\/media?parent=8740"}],"wp:term":[{"taxonomy":"category","embeddable":true,"href":"https:\/\/tododeporteynoticiasuruguay.com.uy\/new\/wp-json\/wp\/v2\/categories?post=8740"},{"taxonomy":"post_tag","embeddable":true,"href":"https:\/\/tododeporteynoticiasuruguay.com.uy\/new\/wp-json\/wp\/v2\/tags?post=8740"}],"curies":[{"name":"wp","href":"https:\/\/api.w.org\/{rel}","templated":true}]}}