{"id":8737,"date":"2026-04-26T18:30:00","date_gmt":"2026-04-26T21:30:00","guid":{"rendered":"https:\/\/tododeporteynoticiasuruguay.com.uy\/new\/?p=8737"},"modified":"2026-04-26T18:30:00","modified_gmt":"2026-04-26T21:30:00","slug":"lanzan-programa-de-desarrollo-para-proveedores-nacionales-de-upm-con-foco-en-innovacion","status":"publish","type":"post","link":"https:\/\/tododeporteynoticiasuruguay.com.uy\/new\/2026\/04\/26\/lanzan-programa-de-desarrollo-para-proveedores-nacionales-de-upm-con-foco-en-innovacion\/","title":{"rendered":"Lanzan programa de desarrollo para proveedores nacionales de UPM con foco en innovaci\u00f3n"},"content":{"rendered":"\n<p>La iniciativa, impulsada por ANDE, OPP y el MIEM, busca integrar a empresas uruguayas en la cadena de valor forestal-celul\u00f3sica mediante validaci\u00f3n t\u00e9cnica y mejora productiva.<\/p>\n\n\n\n<p>El pr\u00f3ximo lunes 27 de abril, a las 14:00 horas, se llevar\u00e1 a cabo en el Anexo de Presidencia el lanzamiento del Programa de Desarrollo de Proveedores Nacionales de UPM 2026. Esta convocatoria, ejecutada por la Agencia Nacional de Desarrollo (ANDE) bajo el marco del Fondo de Innovaci\u00f3n Sectorial (FIS), tiene como objetivo principal fortalecer la competitividad de las empresas locales para cumplir con los est\u00e1ndares de la industria de celulosa.<\/p>\n\n\n\n<p>Detalles de la convocatoria y modalidades<br>El programa permanecer\u00e1 abierto hasta el 9 de junio a las 14:00 horas. Seg\u00fan informaron los organizadores, la propuesta se divide en dos modalidades complementarias:<\/p>\n\n\n\n<p>Validaci\u00f3n t\u00e9cnica: Destinada al testeo y desarrollo de soluciones innovadoras.<\/p>\n\n\n\n<p>Desarrollo de proveedores: Orientada al fortalecimiento de empresas con potencial de inserci\u00f3n directa en la cadena de suministro de la planta.<\/p>\n\n\n\n<p>Para esta edici\u00f3n 2026, se han definido sectores estrat\u00e9gicos prioritarios, entre los que destacan la limpieza e instrumentaci\u00f3n industrial, la econom\u00eda circular, la gesti\u00f3n de residuos y las tecnolog\u00edas aplicadas a la log\u00edstica y procesos forestales.<\/p>\n\n\n\n<p>Participaci\u00f3n de autoridades<br>El evento contar\u00e1 con la presencia de figuras clave del gabinete y la industria, incluyendo a la ministra de Industria, Energ\u00eda y Miner\u00eda, Fernanda Cardona; el director de la Oficina de Planeamiento y Presupuesto (OPP), Rodrigo Arim; el presidente de ANDE, Juan Ignacio Dorrego; y el gerente general de la planta de UPM en Fray Bentos, Federico Manti\u00f1an.<\/p>\n\n\n\n<p>La actividad se desarrollar\u00e1 en la sala 2A del segundo piso del edificio Anexo de Presidencia, donde se detallar\u00e1n los requisitos para las empresas interesadas en postularse.<\/p>\n","protected":false},"excerpt":{"rendered":"<p>La iniciativa, impulsada por ANDE, OPP y el MIEM, busca integrar a empresas uruguayas en la cadena de valor forestal-celul\u00f3sica mediante validaci\u00f3n t\u00e9cnica y mejora productiva. El pr\u00f3ximo lunes 27 de abril, a las 14:00 horas, se llevar\u00e1 a cabo en el Anexo de Presidencia el lanzamiento del Programa de Desarrollo de Proveedores Nacionales de [&hellip;]<\/p>\n","protected":false},"author":2,"featured_media":8738,"comment_status":"closed","ping_status":"closed","sticky":false,"template":"","format":"standard","meta":{"pagelayer_contact_templates":[],"_pagelayer_content":"","footnotes":""},"categories":[5703],"tags":[1112,6557,5942,3151,1355,6556,892],"class_list":["post-8737","post","type-post","status-publish","format-standard","has-post-thumbnail","hentry","category-departamentales","tag-desarrollo","tag-foco","tag-lanzan","tag-nacionales","tag-programa","tag-proveedores","tag-upm"],"amp_enabled":true,"_links":{"self":[{"href":"https:\/\/tododeporteynoticiasuruguay.com.uy\/new\/wp-json\/wp\/v2\/posts\/8737","targetHints":{"allow":["GET"]}}],"collection":[{"href":"https:\/\/tododeporteynoticiasuruguay.com.uy\/new\/wp-json\/wp\/v2\/posts"}],"about":[{"href":"https:\/\/tododeporteynoticiasuruguay.com.uy\/new\/wp-json\/wp\/v2\/types\/post"}],"author":[{"embeddable":true,"href":"https:\/\/tododeporteynoticiasuruguay.com.uy\/new\/wp-json\/wp\/v2\/users\/2"}],"replies":[{"embeddable":true,"href":"https:\/\/tododeporteynoticiasuruguay.com.uy\/new\/wp-json\/wp\/v2\/comments?post=8737"}],"version-history":[{"count":1,"href":"https:\/\/tododeporteynoticiasuruguay.com.uy\/new\/wp-json\/wp\/v2\/posts\/8737\/revisions"}],"predecessor-version":[{"id":8739,"href":"https:\/\/tododeporteynoticiasuruguay.com.uy\/new\/wp-json\/wp\/v2\/posts\/8737\/revisions\/8739"}],"wp:featuredmedia":[{"embeddable":true,"href":"https:\/\/tododeporteynoticiasuruguay.com.uy\/new\/wp-json\/wp\/v2\/media\/8738"}],"wp:attachment":[{"href":"https:\/\/tododeporteynoticiasuruguay.com.uy\/new\/wp-json\/wp\/v2\/media?parent=8737"}],"wp:term":[{"taxonomy":"category","embeddable":true,"href":"https:\/\/tododeporteynoticiasuruguay.com.uy\/new\/wp-json\/wp\/v2\/categories?post=8737"},{"taxonomy":"post_tag","embeddable":true,"href":"https:\/\/tododeporteynoticiasuruguay.com.uy\/new\/wp-json\/wp\/v2\/tags?post=8737"}],"curies":[{"name":"wp","href":"https:\/\/api.w.org\/{rel}","templated":true}]}}