{"id":8726,"date":"2026-04-26T17:35:17","date_gmt":"2026-04-26T20:35:17","guid":{"rendered":"https:\/\/tododeporteynoticiasuruguay.com.uy\/new\/?p=8726"},"modified":"2026-04-26T17:35:38","modified_gmt":"2026-04-26T20:35:38","slug":"triunfo-uruguayo-en-argentina-silvana-lugano-se-impuso-en-el-podio-de-bahia-blanca","status":"publish","type":"post","link":"https:\/\/tododeporteynoticiasuruguay.com.uy\/new\/2026\/04\/26\/triunfo-uruguayo-en-argentina-silvana-lugano-se-impuso-en-el-podio-de-bahia-blanca\/","title":{"rendered":"Triunfo uruguayo en Argentina: Silvana Lugano se impuso en el podio de Bah\u00eda Blanca"},"content":{"rendered":"\n<p>La piloto uruguaya, conocida en el circuito como \u00abMu\u00f1eca Brava\u00bb, obtuvo el primer puesto en la categor\u00eda Moto3 Damas durante la \u00faltima fecha disputada en territorio bonaerense.<\/p>\n\n\n\n<p>La bandera uruguaya volvi\u00f3 a flamear en lo m\u00e1s alto del podio internacional gracias a la actuaci\u00f3n de Silvana Lugano. La motociclista se consagr\u00f3 ganadora en la categor\u00eda Moto3 Damas en la ciudad de Bah\u00eda Blanca, Argentina, consolidando su posici\u00f3n como una de las referentes del motociclismo femenino regional.<\/p>\n\n\n\n<p>Lugano, apodada popularmente como \u00abMu\u00f1eca Brava\u00bb, logr\u00f3 imponerse en una competencia de alta exigencia t\u00e9cnica, superando a sus rivales en el circuito argentino. Si bien los detalles de los tiempos de vuelta y la configuraci\u00f3n de la grilla final est\u00e1n pendientes de publicaci\u00f3n oficial por parte de la organizaci\u00f3n, el triunfo de la uruguaya marca un hito en su calendario deportivo de la temporada.<\/p>\n\n\n\n<p>Este resultado refuerza la presencia de deportistas uruguayos en el exterior, particularmente en disciplinas de motor donde la competencia en el pa\u00eds vecino suele ser el principal medidor de nivel para los pilotos de la zona.<\/p>\n","protected":false},"excerpt":{"rendered":"<p>La piloto uruguaya, conocida en el circuito como \u00abMu\u00f1eca Brava\u00bb, obtuvo el primer puesto en la categor\u00eda Moto3 Damas durante la \u00faltima fecha disputada en territorio bonaerense. La bandera uruguaya volvi\u00f3 a flamear en lo m\u00e1s alto del podio internacional gracias a la actuaci\u00f3n de Silvana Lugano. La motociclista se consagr\u00f3 ganadora en la categor\u00eda [&hellip;]<\/p>\n","protected":false},"author":2,"featured_media":8727,"comment_status":"closed","ping_status":"closed","sticky":false,"template":"","format":"standard","meta":{"pagelayer_contact_templates":[],"_pagelayer_content":"","footnotes":""},"categories":[6],"tags":[6549,5696,1050,6548,318,6546,6547,242],"class_list":["post-8726","post","type-post","status-publish","format-standard","has-post-thumbnail","hentry","category-deporte","tag-bahia","tag-blanca","tag-deportes","tag-lugano","tag-motociclismo","tag-muneca-brava","tag-silvana","tag-uruguay"],"amp_enabled":true,"_links":{"self":[{"href":"https:\/\/tododeporteynoticiasuruguay.com.uy\/new\/wp-json\/wp\/v2\/posts\/8726","targetHints":{"allow":["GET"]}}],"collection":[{"href":"https:\/\/tododeporteynoticiasuruguay.com.uy\/new\/wp-json\/wp\/v2\/posts"}],"about":[{"href":"https:\/\/tododeporteynoticiasuruguay.com.uy\/new\/wp-json\/wp\/v2\/types\/post"}],"author":[{"embeddable":true,"href":"https:\/\/tododeporteynoticiasuruguay.com.uy\/new\/wp-json\/wp\/v2\/users\/2"}],"replies":[{"embeddable":true,"href":"https:\/\/tododeporteynoticiasuruguay.com.uy\/new\/wp-json\/wp\/v2\/comments?post=8726"}],"version-history":[{"count":1,"href":"https:\/\/tododeporteynoticiasuruguay.com.uy\/new\/wp-json\/wp\/v2\/posts\/8726\/revisions"}],"predecessor-version":[{"id":8728,"href":"https:\/\/tododeporteynoticiasuruguay.com.uy\/new\/wp-json\/wp\/v2\/posts\/8726\/revisions\/8728"}],"wp:featuredmedia":[{"embeddable":true,"href":"https:\/\/tododeporteynoticiasuruguay.com.uy\/new\/wp-json\/wp\/v2\/media\/8727"}],"wp:attachment":[{"href":"https:\/\/tododeporteynoticiasuruguay.com.uy\/new\/wp-json\/wp\/v2\/media?parent=8726"}],"wp:term":[{"taxonomy":"category","embeddable":true,"href":"https:\/\/tododeporteynoticiasuruguay.com.uy\/new\/wp-json\/wp\/v2\/categories?post=8726"},{"taxonomy":"post_tag","embeddable":true,"href":"https:\/\/tododeporteynoticiasuruguay.com.uy\/new\/wp-json\/wp\/v2\/tags?post=8726"}],"curies":[{"name":"wp","href":"https:\/\/api.w.org\/{rel}","templated":true}]}}