{"id":8722,"date":"2026-04-26T17:26:24","date_gmt":"2026-04-26T20:26:24","guid":{"rendered":"https:\/\/tododeporteynoticiasuruguay.com.uy\/new\/?p=8722"},"modified":"2026-04-26T17:26:25","modified_gmt":"2026-04-26T20:26:25","slug":"tcr-south-america-santiago-urrutia-acaricio-el-podio-en-una-accidentada-final-en-interlagos","status":"publish","type":"post","link":"https:\/\/tododeporteynoticiasuruguay.com.uy\/new\/2026\/04\/26\/tcr-south-america-santiago-urrutia-acaricio-el-podio-en-una-accidentada-final-en-interlagos\/","title":{"rendered":"TCR South Am\u00e9rica: Santiago Urrutia acarici\u00f3 el podio en una accidentada final en Interlagos"},"content":{"rendered":"\n<p>El piloto uruguayo finaliz\u00f3 en la cuarta posici\u00f3n en la primera carrera dominical, consolid\u00e1ndose como el mejor representante charr\u00faa en el circuito brasile\u00f1o.<br>En una competencia marcada por la paridad y la exigencia f\u00edsica del circuito de Interlagos, Santiago Urrutia (Paladini Racing) logr\u00f3 un destacado cuarto puesto en la primera carrera de la tercera etapa del TCR South Am\u00e9rica \/ TCR Brasil. El uruguayo, al mando de su Lynk &amp; Co (identificado en los registros t\u00e9cnicos como 03 TCR), se mantuvo durante las 32 vueltas en el pelot\u00f3n de vanguardia, quedando a solo un paso del podio.<\/p>\n\n\n\n<p>La victoria qued\u00f3 en manos del brasile\u00f1o Fraga Reis (W2 Pro GP), quien domin\u00f3 las acciones con un tiempo total de 1:00:19.78. El podio lo completaron Leonel Pern\u00eda y Brickley Gianfratti. Urrutia cruz\u00f3 la meta a 4.024 segundos del l\u00edder, demostrando un ritmo competitivo constante y marcando su mejor vuelta con un tiempo de 1:43.641.<\/p>\n\n\n\n<p>Resultados de la delegaci\u00f3n uruguaya<br>M\u00e1s all\u00e1 de la destacada labor de Urrutia, la suerte fue dispar para el resto de los pilotos orientales y equipos nacionales:<\/p>\n\n\n\n<p>Juan Manuel Casella: El piloto del Uruguay Racing Team finaliz\u00f3 en la 16\u00aa posici\u00f3n tras completar 26 vueltas, sufriendo un retraso que lo alej\u00f3 de la zona de puntos importantes.<\/p>\n\n\n\n<p>Abandonos y sanciones: La jornada fue dif\u00edcil para el equipo de Uruguay. Enrique Maglione y Rodrigo Aramend\u00eda (bajo la estructura de Uruguay Racing Team) no lograron clasificar al no cumplir con el m\u00ednimo de vueltas requerido. Asimismo, Cafaro y Lambiris tambi\u00e9n quedaron fuera de competencia prematuramente.<\/p>\n\n\n\n<p>La carrera estuvo marcada por la rigurosidad de los comisarios deportivos, quienes emitieron advertencias por incidentes en pista y sanciones de drive-through para varios competidores por cruzar la l\u00ednea de salida de boxes, lo que alter\u00f3 el clasificador final en los puestos medios.<\/p>\n","protected":false},"excerpt":{"rendered":"<p>El piloto uruguayo finaliz\u00f3 en la cuarta posici\u00f3n en la primera carrera dominical, consolid\u00e1ndose como el mejor representante charr\u00faa en el circuito brasile\u00f1o.En una competencia marcada por la paridad y la exigencia f\u00edsica del circuito de Interlagos, Santiago Urrutia (Paladini Racing) logr\u00f3 un destacado cuarto puesto en la primera carrera de la tercera etapa del [&hellip;]<\/p>\n","protected":false},"author":2,"featured_media":8723,"comment_status":"closed","ping_status":"closed","sticky":false,"template":"","format":"standard","meta":{"pagelayer_contact_templates":[],"_pagelayer_content":"","footnotes":""},"categories":[6],"tags":[6545,2512,1191,6544,6500,242],"class_list":["post-8722","post","type-post","status-publish","format-standard","has-post-thumbnail","hentry","category-deporte","tag-cuarto","tag-podio","tag-santiago","tag-tcr-south-america","tag-urrutia","tag-uruguay"],"amp_enabled":true,"_links":{"self":[{"href":"https:\/\/tododeporteynoticiasuruguay.com.uy\/new\/wp-json\/wp\/v2\/posts\/8722","targetHints":{"allow":["GET"]}}],"collection":[{"href":"https:\/\/tododeporteynoticiasuruguay.com.uy\/new\/wp-json\/wp\/v2\/posts"}],"about":[{"href":"https:\/\/tododeporteynoticiasuruguay.com.uy\/new\/wp-json\/wp\/v2\/types\/post"}],"author":[{"embeddable":true,"href":"https:\/\/tododeporteynoticiasuruguay.com.uy\/new\/wp-json\/wp\/v2\/users\/2"}],"replies":[{"embeddable":true,"href":"https:\/\/tododeporteynoticiasuruguay.com.uy\/new\/wp-json\/wp\/v2\/comments?post=8722"}],"version-history":[{"count":2,"href":"https:\/\/tododeporteynoticiasuruguay.com.uy\/new\/wp-json\/wp\/v2\/posts\/8722\/revisions"}],"predecessor-version":[{"id":8725,"href":"https:\/\/tododeporteynoticiasuruguay.com.uy\/new\/wp-json\/wp\/v2\/posts\/8722\/revisions\/8725"}],"wp:featuredmedia":[{"embeddable":true,"href":"https:\/\/tododeporteynoticiasuruguay.com.uy\/new\/wp-json\/wp\/v2\/media\/8723"}],"wp:attachment":[{"href":"https:\/\/tododeporteynoticiasuruguay.com.uy\/new\/wp-json\/wp\/v2\/media?parent=8722"}],"wp:term":[{"taxonomy":"category","embeddable":true,"href":"https:\/\/tododeporteynoticiasuruguay.com.uy\/new\/wp-json\/wp\/v2\/categories?post=8722"},{"taxonomy":"post_tag","embeddable":true,"href":"https:\/\/tododeporteynoticiasuruguay.com.uy\/new\/wp-json\/wp\/v2\/tags?post=8722"}],"curies":[{"name":"wp","href":"https:\/\/api.w.org\/{rel}","templated":true}]}}