{"id":8718,"date":"2026-04-26T17:16:25","date_gmt":"2026-04-26T20:16:25","guid":{"rendered":"https:\/\/tododeporteynoticiasuruguay.com.uy\/new\/?p=8718"},"modified":"2026-04-26T17:16:26","modified_gmt":"2026-04-26T20:16:26","slug":"se-entrego-un-adolescente-de-16-anos-por-el-homicidio-del-repartidor-en-carrasco-norte","status":"publish","type":"post","link":"https:\/\/tododeporteynoticiasuruguay.com.uy\/new\/2026\/04\/26\/se-entrego-un-adolescente-de-16-anos-por-el-homicidio-del-repartidor-en-carrasco-norte\/","title":{"rendered":"Se entreg\u00f3 un adolescente de 16 a\u00f1os por el homicidio del repartidor en Carrasco Norte"},"content":{"rendered":"\n<p>El menor se present\u00f3 junto a su madre en la Seccional 26 de Paso Carrasco y confes\u00f3 ser el autor del crimen ocurrido el pasado viernes. La Fiscal\u00eda investiga su participaci\u00f3n y busca al segundo implicado en el asalto.<br>Un adolescente de 16 a\u00f1os se entreg\u00f3 este domingo ante las autoridades policiales, adjudic\u00e1ndose la autor\u00eda del homicidio de un repartidor de 31 a\u00f1os, ocurrido el pasado viernes a la noche en la zona de Carrasco Norte.<\/p>\n\n\n\n<p>Seg\u00fan confirmaron fuentes del Ministerio del Interior, el menor se present\u00f3 en la Seccional 26 de Paso Carrasco acompa\u00f1ado por su madre. Tras su entrega, fue puesto de forma inmediata a disposici\u00f3n de la Fiscal\u00eda General de la Naci\u00f3n.<\/p>\n\n\n\n<p>Los investigadores trabajan ahora en el cruce de pericias t\u00e9cnicas y declaraciones para confirmar la veracidad del testimonio del adolescente. El hecho involucr\u00f3, de acuerdo con los registros preliminares, a dos delincuentes que abordaron a la v\u00edctima en la intersecci\u00f3n de las calles Capri y M\u00e1ximo Tajes, a escasos metros de Avenida Italia.<\/p>\n\n\n\n<p>El contexto del crimen<br>La v\u00edctima, un ciudadano de nacionalidad cubana de 31 a\u00f1os, se encontraba desempe\u00f1ando sus tareas laborales cuando fue interceptado por los agresores, quienes le exigieron la entrega de su motocicleta. Tras un forcejeo, uno de los delincuentes le efectu\u00f3 un disparo de arma de fuego que le provoc\u00f3 la muerte en el lugar.<\/p>\n\n\n\n<p>Este episodio gener\u00f3 una fuerte conmoci\u00f3n en el sector de los trabajadores de delivery, quienes se movilizaron hasta el sitio del crimen para reclamar mayores medidas de seguridad. El asesinato de Carrasco Norte cerr\u00f3 una jornada violenta en Montevideo el pasado viernes, que registr\u00f3 un total de tres homicidios, dos de ellos contra repartidores en ejercicio de sus funciones (Prado y Carrasco Norte).<\/p>\n\n\n\n<p><\/p>\n","protected":false},"excerpt":{"rendered":"<p>El menor se present\u00f3 junto a su madre en la Seccional 26 de Paso Carrasco y confes\u00f3 ser el autor del crimen ocurrido el pasado viernes. La Fiscal\u00eda investiga su participaci\u00f3n y busca al segundo implicado en el asalto.Un adolescente de 16 a\u00f1os se entreg\u00f3 este domingo ante las autoridades policiales, adjudic\u00e1ndose la autor\u00eda del [&hellip;]<\/p>\n","protected":false},"author":2,"featured_media":8719,"comment_status":"closed","ping_status":"closed","sticky":false,"template":"","format":"standard","meta":{"pagelayer_contact_templates":[],"_pagelayer_content":"","footnotes":""},"categories":[182],"tags":[6541,282,296,6542,6540],"class_list":["post-8718","post","type-post","status-publish","format-standard","has-post-thumbnail","hentry","category-sucesos","tag-16-ano","tag-adolescente","tag-homicidio","tag-repaqrtidor","tag-se-entrego"],"amp_enabled":true,"_links":{"self":[{"href":"https:\/\/tododeporteynoticiasuruguay.com.uy\/new\/wp-json\/wp\/v2\/posts\/8718","targetHints":{"allow":["GET"]}}],"collection":[{"href":"https:\/\/tododeporteynoticiasuruguay.com.uy\/new\/wp-json\/wp\/v2\/posts"}],"about":[{"href":"https:\/\/tododeporteynoticiasuruguay.com.uy\/new\/wp-json\/wp\/v2\/types\/post"}],"author":[{"embeddable":true,"href":"https:\/\/tododeporteynoticiasuruguay.com.uy\/new\/wp-json\/wp\/v2\/users\/2"}],"replies":[{"embeddable":true,"href":"https:\/\/tododeporteynoticiasuruguay.com.uy\/new\/wp-json\/wp\/v2\/comments?post=8718"}],"version-history":[{"count":2,"href":"https:\/\/tododeporteynoticiasuruguay.com.uy\/new\/wp-json\/wp\/v2\/posts\/8718\/revisions"}],"predecessor-version":[{"id":8721,"href":"https:\/\/tododeporteynoticiasuruguay.com.uy\/new\/wp-json\/wp\/v2\/posts\/8718\/revisions\/8721"}],"wp:featuredmedia":[{"embeddable":true,"href":"https:\/\/tododeporteynoticiasuruguay.com.uy\/new\/wp-json\/wp\/v2\/media\/8719"}],"wp:attachment":[{"href":"https:\/\/tododeporteynoticiasuruguay.com.uy\/new\/wp-json\/wp\/v2\/media?parent=8718"}],"wp:term":[{"taxonomy":"category","embeddable":true,"href":"https:\/\/tododeporteynoticiasuruguay.com.uy\/new\/wp-json\/wp\/v2\/categories?post=8718"},{"taxonomy":"post_tag","embeddable":true,"href":"https:\/\/tododeporteynoticiasuruguay.com.uy\/new\/wp-json\/wp\/v2\/tags?post=8718"}],"curies":[{"name":"wp","href":"https:\/\/api.w.org\/{rel}","templated":true}]}}