{"id":8714,"date":"2026-04-26T16:48:12","date_gmt":"2026-04-26T19:48:12","guid":{"rendered":"https:\/\/tododeporteynoticiasuruguay.com.uy\/new\/?p=8714"},"modified":"2026-04-26T16:50:01","modified_gmt":"2026-04-26T19:50:01","slug":"llamado-laboral-en-colonia-los-nietitos-busca-personal-para-mantenimiento-en-su-planta-de-la-paz-c-p","status":"publish","type":"post","link":"https:\/\/tododeporteynoticiasuruguay.com.uy\/new\/2026\/04\/26\/llamado-laboral-en-colonia-los-nietitos-busca-personal-para-mantenimiento-en-su-planta-de-la-paz-c-p\/","title":{"rendered":"Llamado laboral en Colonia: Los Nietitos busca personal para mantenimiento en su planta de La Paz C. P."},"content":{"rendered":"\n<p>La emblem\u00e1tica industria alimenticia abri\u00f3 una convocatoria para peones zafrales con conocimientos en alba\u00f1iler\u00eda y pintura; hay tiempo para postularse de forma presencial o v\u00eda correo electr\u00f3nico.<br>La empresa <strong>Los Nietitos<\/strong> anunci\u00f3 la apertura de un llamado laboral para la contrataci\u00f3n de personal zafral destinado al sector de mantenimiento en su planta industrial ubicada en la localidad de <strong>La Paz, departamento de Colonia<\/strong>.<\/p>\n\n\n\n<p>La b\u00fasqueda se orienta a personas que cuenten con conocimientos comprobables en las \u00e1reas de <strong>pintura y alba\u00f1iler\u00eda<\/strong>, tareas fundamentales para el sostenimiento de la infraestructura de la planta durante el periodo de zafra.<\/p>\n\n\n\n<p><strong>Requisitos del llamado:<\/strong><\/p>\n\n\n\n<ul class=\"wp-block-list\">\n<li>Ser mayor de edad.<\/li>\n\n\n\n<li>Residir en zonas o localidades cercanas a la planta industrial (La Paz y alrededores).<\/li>\n\n\n\n<li>Contar con el Carn\u00e9 de Salud vigente.<\/li>\n\n\n\n<li>Poseer conocimientos t\u00e9cnicos en las \u00e1reas mencionadas.<\/li>\n<\/ul>\n\n\n\n<p><strong>Proceso de postulaci\u00f3n<\/strong> Los interesados tienen dos v\u00edas para presentar su candidatura:<\/p>\n\n\n\n<p><strong>V\u00eda presencial:<\/strong> Los postulantes pueden anotarse directamente en la recepci\u00f3n de la F\u00e1brica Los Nietitos en el horario de <strong>lunes a viernes de 08:00 a 17:00 horas<\/strong>.<\/p>\n\n\n\n<p><strong>V\u00eda digital:<\/strong> Enviando el Curr\u00edculum Vitae a la direcci\u00f3n de correo electr\u00f3nico <strong>rrhh@losnietitos.com.uy<\/strong>, adjuntando copias de la C\u00e9dula de Identidad y el Carn\u00e9 de Salud.<\/p>\n","protected":false},"excerpt":{"rendered":"<p>La emblem\u00e1tica industria alimenticia abri\u00f3 una convocatoria para peones zafrales con conocimientos en alba\u00f1iler\u00eda y pintura; hay tiempo para postularse de forma presencial o v\u00eda correo electr\u00f3nico.La empresa Los Nietitos anunci\u00f3 la apertura de un llamado laboral para la contrataci\u00f3n de personal zafral destinado al sector de mantenimiento en su planta industrial ubicada en la [&hellip;]<\/p>\n","protected":false},"author":2,"featured_media":8715,"comment_status":"closed","ping_status":"closed","sticky":false,"template":"","format":"standard","meta":{"pagelayer_contact_templates":[],"_pagelayer_content":"","footnotes":""},"categories":[180],"tags":[6539,6538,6537,1129,683,2353],"class_list":["post-8714","post","type-post","status-publish","format-standard","has-post-thumbnail","hentry","category-empleo","tag-albanileria","tag-la-paz-cp","tag-los-nietitos","tag-mantenimiento","tag-pintura","tag-planta"],"amp_enabled":true,"_links":{"self":[{"href":"https:\/\/tododeporteynoticiasuruguay.com.uy\/new\/wp-json\/wp\/v2\/posts\/8714","targetHints":{"allow":["GET"]}}],"collection":[{"href":"https:\/\/tododeporteynoticiasuruguay.com.uy\/new\/wp-json\/wp\/v2\/posts"}],"about":[{"href":"https:\/\/tododeporteynoticiasuruguay.com.uy\/new\/wp-json\/wp\/v2\/types\/post"}],"author":[{"embeddable":true,"href":"https:\/\/tododeporteynoticiasuruguay.com.uy\/new\/wp-json\/wp\/v2\/users\/2"}],"replies":[{"embeddable":true,"href":"https:\/\/tododeporteynoticiasuruguay.com.uy\/new\/wp-json\/wp\/v2\/comments?post=8714"}],"version-history":[{"count":1,"href":"https:\/\/tododeporteynoticiasuruguay.com.uy\/new\/wp-json\/wp\/v2\/posts\/8714\/revisions"}],"predecessor-version":[{"id":8716,"href":"https:\/\/tododeporteynoticiasuruguay.com.uy\/new\/wp-json\/wp\/v2\/posts\/8714\/revisions\/8716"}],"wp:featuredmedia":[{"embeddable":true,"href":"https:\/\/tododeporteynoticiasuruguay.com.uy\/new\/wp-json\/wp\/v2\/media\/8715"}],"wp:attachment":[{"href":"https:\/\/tododeporteynoticiasuruguay.com.uy\/new\/wp-json\/wp\/v2\/media?parent=8714"}],"wp:term":[{"taxonomy":"category","embeddable":true,"href":"https:\/\/tododeporteynoticiasuruguay.com.uy\/new\/wp-json\/wp\/v2\/categories?post=8714"},{"taxonomy":"post_tag","embeddable":true,"href":"https:\/\/tododeporteynoticiasuruguay.com.uy\/new\/wp-json\/wp\/v2\/tags?post=8714"}],"curies":[{"name":"wp","href":"https:\/\/api.w.org\/{rel}","templated":true}]}}