{"id":8708,"date":"2026-04-26T15:57:30","date_gmt":"2026-04-26T18:57:30","guid":{"rendered":"https:\/\/tododeporteynoticiasuruguay.com.uy\/new\/?p=8708"},"modified":"2026-04-26T15:57:31","modified_gmt":"2026-04-26T18:57:31","slug":"cerro-largo-impulsan-la-educacion-vial-en-escuelas-mediante-acuerdo-entre-la-intendencia-y-anep","status":"publish","type":"post","link":"https:\/\/tododeporteynoticiasuruguay.com.uy\/new\/2026\/04\/26\/cerro-largo-impulsan-la-educacion-vial-en-escuelas-mediante-acuerdo-entre-la-intendencia-y-anep\/","title":{"rendered":"Cerro Largo: impulsan la educaci\u00f3n vial en escuelas mediante acuerdo entre la Intendencia y ANEP"},"content":{"rendered":"\n<p>La Direcci\u00f3n de Tr\u00e1nsito y autoridades de ense\u00f1anza primaria coordinan la implementaci\u00f3n de talleres formativos para escolares de todo el departamento.<br>El encargado de la Direcci\u00f3n de Tr\u00e1nsito de la Intendencia de Cerro Largo, Washington Barreto, mantuvo un encuentro formal con la inspectora de la Administraci\u00f3n Nacional de Educaci\u00f3n P\u00fablica (ANEP), Cristina Regiardo, a fin de establecer las bases para un programa de educaci\u00f3n vial en el \u00e1mbito escolar.<\/p>\n\n\n\n<p>La iniciativa busca integrar la normativa de tr\u00e1nsito y el comportamiento ciudadano seguro desde la educaci\u00f3n inicial y primaria. Seg\u00fan se inform\u00f3 tras la reuni\u00f3n, el objetivo central es que los ni\u00f1os adquieran herramientas de prevenci\u00f3n de siniestros y se conviertan en promotores de conductas responsables en la v\u00eda p\u00fablica dentro de sus n\u00facleos familiares.<\/p>\n\n\n\n<p>Coordinaci\u00f3n pedag\u00f3gica y operativa<br>Durante la sesi\u00f3n de trabajo, se discutieron las modalidades de aplicaci\u00f3n de las clases y el alcance que tendr\u00e1n los talleres coordinados por el equipo municipal. Se espera que en las pr\u00f3ximas semanas se defina el cronograma de visitas a los centros educativos, priorizando aquellas zonas de mayor flujo vehicular en el departamento.<\/p>\n\n\n\n<p>Esta articulaci\u00f3n entre la comuna y ANEP responde a una estrategia de largo plazo para reducir la siniestralidad vial en Cerro Largo a trav\u00e9s de la formaci\u00f3n temprana de futuros conductores y peatones.<\/p>\n","protected":false},"excerpt":{"rendered":"<p>La Direcci\u00f3n de Tr\u00e1nsito y autoridades de ense\u00f1anza primaria coordinan la implementaci\u00f3n de talleres formativos para escolares de todo el departamento.El encargado de la Direcci\u00f3n de Tr\u00e1nsito de la Intendencia de Cerro Largo, Washington Barreto, mantuvo un encuentro formal con la inspectora de la Administraci\u00f3n Nacional de Educaci\u00f3n P\u00fablica (ANEP), Cristina Regiardo, a fin de [&hellip;]<\/p>\n","protected":false},"author":2,"featured_media":8709,"comment_status":"closed","ping_status":"closed","sticky":false,"template":"","format":"standard","meta":{"pagelayer_contact_templates":[],"_pagelayer_content":"","footnotes":""},"categories":[5703,193],"tags":[6532,1347,827,1136,6530,3364,495,6531,242,1153],"class_list":["post-8708","post","type-post","status-publish","format-standard","has-post-thumbnail","hentry","category-departamentales","category-seguridad-vial","tag-acurdo","tag-anep","tag-cerro-largo","tag-educacion-2","tag-en-escuelas","tag-impulsan","tag-intendencia","tag-mediante","tag-uruguay","tag-vial"],"amp_enabled":true,"_links":{"self":[{"href":"https:\/\/tododeporteynoticiasuruguay.com.uy\/new\/wp-json\/wp\/v2\/posts\/8708","targetHints":{"allow":["GET"]}}],"collection":[{"href":"https:\/\/tododeporteynoticiasuruguay.com.uy\/new\/wp-json\/wp\/v2\/posts"}],"about":[{"href":"https:\/\/tododeporteynoticiasuruguay.com.uy\/new\/wp-json\/wp\/v2\/types\/post"}],"author":[{"embeddable":true,"href":"https:\/\/tododeporteynoticiasuruguay.com.uy\/new\/wp-json\/wp\/v2\/users\/2"}],"replies":[{"embeddable":true,"href":"https:\/\/tododeporteynoticiasuruguay.com.uy\/new\/wp-json\/wp\/v2\/comments?post=8708"}],"version-history":[{"count":1,"href":"https:\/\/tododeporteynoticiasuruguay.com.uy\/new\/wp-json\/wp\/v2\/posts\/8708\/revisions"}],"predecessor-version":[{"id":8710,"href":"https:\/\/tododeporteynoticiasuruguay.com.uy\/new\/wp-json\/wp\/v2\/posts\/8708\/revisions\/8710"}],"wp:featuredmedia":[{"embeddable":true,"href":"https:\/\/tododeporteynoticiasuruguay.com.uy\/new\/wp-json\/wp\/v2\/media\/8709"}],"wp:attachment":[{"href":"https:\/\/tododeporteynoticiasuruguay.com.uy\/new\/wp-json\/wp\/v2\/media?parent=8708"}],"wp:term":[{"taxonomy":"category","embeddable":true,"href":"https:\/\/tododeporteynoticiasuruguay.com.uy\/new\/wp-json\/wp\/v2\/categories?post=8708"},{"taxonomy":"post_tag","embeddable":true,"href":"https:\/\/tododeporteynoticiasuruguay.com.uy\/new\/wp-json\/wp\/v2\/tags?post=8708"}],"curies":[{"name":"wp","href":"https:\/\/api.w.org\/{rel}","templated":true}]}}