{"id":8702,"date":"2026-04-26T15:43:47","date_gmt":"2026-04-26T18:43:47","guid":{"rendered":"https:\/\/tododeporteynoticiasuruguay.com.uy\/new\/?p=8702"},"modified":"2026-04-26T15:43:47","modified_gmt":"2026-04-26T18:43:47","slug":"artigas-se-prepara-para-la-4ta-edicion-de-las-500-millas-fechas-etapas-y-categorias","status":"publish","type":"post","link":"https:\/\/tododeporteynoticiasuruguay.com.uy\/new\/2026\/04\/26\/artigas-se-prepara-para-la-4ta-edicion-de-las-500-millas-fechas-etapas-y-categorias\/","title":{"rendered":"Artigas se prepara para la 4ta. edici\u00f3n de las \u00ab500 Millas\u00bb: fechas, etapas y categor\u00edas"},"content":{"rendered":"\n<p>La Intendencia Departamental de Artigas present\u00f3 la competencia que reunir\u00e1 a ciclistas Juveniles, Damas y M\u00e1ster entre el 30 de octubre y el 1 de noviembre.<br>La ciudad de Artigas volver\u00e1 a ser el epicentro del ciclismo nacional con la llegada de la 4ta. Edici\u00f3n del Gran Premio \u00ab500 Millas en Artigas\u00bb. El evento, organizado con el apoyo de la Intendencia Departamental, se desarrollar\u00e1 durante tres jornadas intensas de competencia que abarcar\u00e1n rutas y circuitos estrat\u00e9gicos del departamento.<\/p>\n\n\n\n<p>La actividad comenzar\u00e1 oficialmente el viernes 30 de octubre con el proceso de inscripciones, que se llevar\u00e1 a cabo de 8:30 a 11:00 horas. Ese mismo d\u00eda, a las 14:00 horas, se dar\u00e1 el banderazo de salida a la primera etapa sobre la Ruta 30.<\/p>\n\n\n\n<p>Cronograma de competencia:<\/p>\n\n\n\n<p>Viernes 30\/10: 1ra Etapa &#8211; Ruta 30 (14:00 hs).<\/p>\n\n\n\n<p>S\u00e1bado 31\/10: 2da Etapa &#8211; Circuito Rutero By Pass (08:00 hs) y 3ra Etapa &#8211; Prueba Contrarreloj (16:00 hs).<\/p>\n\n\n\n<p>Domingo 01\/11: 4ta Etapa &#8211; Prueba en Ruta 30 (08:00 hs).<\/p>\n\n\n\n<p>La competencia est\u00e1 abierta para las categor\u00edas Juveniles (de 14 a 17 a\u00f1os), Damas y M\u00e1ster. Los interesados en obtener m\u00e1s detalles o realizar consultas pueden comunicarse a los n\u00fameros de contacto habilitados: +598 99 772 213, +598 98 485 287 o +598 98 766 658.<\/p>\n","protected":false},"excerpt":{"rendered":"<p>La Intendencia Departamental de Artigas present\u00f3 la competencia que reunir\u00e1 a ciclistas Juveniles, Damas y M\u00e1ster entre el 30 de octubre y el 1 de noviembre.La ciudad de Artigas volver\u00e1 a ser el epicentro del ciclismo nacional con la llegada de la 4ta. Edici\u00f3n del Gran Premio \u00ab500 Millas en Artigas\u00bb. El evento, organizado con [&hellip;]<\/p>\n","protected":false},"author":2,"featured_media":8703,"comment_status":"closed","ping_status":"closed","sticky":false,"template":"","format":"standard","meta":{"pagelayer_contact_templates":[],"_pagelayer_content":"","footnotes":""},"categories":[6],"tags":[6527,355,806,500,2884,242],"class_list":["post-8702","post","type-post","status-publish","format-standard","has-post-thumbnail","hentry","category-deporte","tag-500-millas","tag-artigas","tag-ciclismo","tag-noviembre","tag-octubre","tag-uruguay"],"amp_enabled":true,"_links":{"self":[{"href":"https:\/\/tododeporteynoticiasuruguay.com.uy\/new\/wp-json\/wp\/v2\/posts\/8702","targetHints":{"allow":["GET"]}}],"collection":[{"href":"https:\/\/tododeporteynoticiasuruguay.com.uy\/new\/wp-json\/wp\/v2\/posts"}],"about":[{"href":"https:\/\/tododeporteynoticiasuruguay.com.uy\/new\/wp-json\/wp\/v2\/types\/post"}],"author":[{"embeddable":true,"href":"https:\/\/tododeporteynoticiasuruguay.com.uy\/new\/wp-json\/wp\/v2\/users\/2"}],"replies":[{"embeddable":true,"href":"https:\/\/tododeporteynoticiasuruguay.com.uy\/new\/wp-json\/wp\/v2\/comments?post=8702"}],"version-history":[{"count":1,"href":"https:\/\/tododeporteynoticiasuruguay.com.uy\/new\/wp-json\/wp\/v2\/posts\/8702\/revisions"}],"predecessor-version":[{"id":8704,"href":"https:\/\/tododeporteynoticiasuruguay.com.uy\/new\/wp-json\/wp\/v2\/posts\/8702\/revisions\/8704"}],"wp:featuredmedia":[{"embeddable":true,"href":"https:\/\/tododeporteynoticiasuruguay.com.uy\/new\/wp-json\/wp\/v2\/media\/8703"}],"wp:attachment":[{"href":"https:\/\/tododeporteynoticiasuruguay.com.uy\/new\/wp-json\/wp\/v2\/media?parent=8702"}],"wp:term":[{"taxonomy":"category","embeddable":true,"href":"https:\/\/tododeporteynoticiasuruguay.com.uy\/new\/wp-json\/wp\/v2\/categories?post=8702"},{"taxonomy":"post_tag","embeddable":true,"href":"https:\/\/tododeporteynoticiasuruguay.com.uy\/new\/wp-json\/wp\/v2\/tags?post=8702"}],"curies":[{"name":"wp","href":"https:\/\/api.w.org\/{rel}","templated":true}]}}