{"id":8695,"date":"2026-04-26T15:22:38","date_gmt":"2026-04-26T18:22:38","guid":{"rendered":"https:\/\/tododeporteynoticiasuruguay.com.uy\/new\/?p=8695"},"modified":"2026-04-26T15:22:38","modified_gmt":"2026-04-26T18:22:38","slug":"condenan-a-los-autores-del-robo-de-la-escultura-el-peon-de-estancia-en-el-prado","status":"publish","type":"post","link":"https:\/\/tododeporteynoticiasuruguay.com.uy\/new\/2026\/04\/26\/condenan-a-los-autores-del-robo-de-la-escultura-el-peon-de-estancia-en-el-prado\/","title":{"rendered":"Condenan a los autores del robo de la escultura \u201cEl Pe\u00f3n de Estancia\u201d en el Prado"},"content":{"rendered":"\n<p>Dos hombres de 36 y 47 a\u00f1os recibieron una pena de 12 meses de libertad a prueba tras confesar el hurto de la pieza de bronce. Seg\u00fan declararon, la obra de 1932 fue vendida por 30.000 pesos.<br>La Justicia conden\u00f3 a dos hombres de 36 y 47 a\u00f1os, ambos con antecedentes penales, como autores de un delito de hurto agravado tras el robo de la emblem\u00e1tica escultura \u201cEl Pe\u00f3n de Estancia\u201d. La pieza, una obra de bronce de grandes dimensiones creada en 1932 por el artista Federico Escalada, fue sustra\u00edda el pasado mi\u00e9rcoles por la noche en la intersecci\u00f3n de Lucas Obes y Buschental.<\/p>\n\n\n\n<p>El operativo policial, basado en el an\u00e1lisis de las c\u00e1maras de videovigilancia de la zona, permiti\u00f3 identificar la camioneta utilizada para el traslado de la estatua. El conductor del veh\u00edculo, de 47 a\u00f1os, fue el primer detenido y quien aport\u00f3 detalles sobre la maniobra. En su declaraci\u00f3n, admiti\u00f3 que, junto a un c\u00f3mplice de 36 a\u00f1os y un tercer involucrado, trasladaron la escultura hasta la zona de Tres Omb\u00faes, donde fue vendida por la suma de 30.000 pesos.<\/p>\n\n\n\n<p>En el marco de la investigaci\u00f3n, la Polic\u00eda realiz\u00f3 un allanamiento en el barrio Tres Omb\u00faes el pasado viernes, donde se incaut\u00f3 una amoladora y se detuvo a otras dos personas para determinar su grado de participaci\u00f3n en el hecho. El veh\u00edculo utilizado en el robo tambi\u00e9n fue incautado por las autoridades.<\/p>\n\n\n\n<p>Finalmente, la Justicia dict\u00f3 una sentencia de 12 meses de prisi\u00f3n, que ser\u00e1 sustituida por un r\u00e9gimen de libertad a prueba bajo condiciones espec\u00edficas.<\/p>\n\n\n\n<p>Este incidente se suma a una serie de actos vand\u00e1licos contra el patrimonio p\u00fablico de Montevideo. El antecedente m\u00e1s cercano ocurri\u00f3 en julio de 2025, cuando fue sustra\u00eddo un brazo de la estatua de Albert Einstein en la Plaza de los Treinta y Tres. Al momento del cierre de esta edici\u00f3n, no se ha informado sobre la recuperaci\u00f3n de la escultura \u00abEl Pe\u00f3n de Estancia\u00bb.<\/p>\n","protected":false},"excerpt":{"rendered":"<p>Dos hombres de 36 y 47 a\u00f1os recibieron una pena de 12 meses de libertad a prueba tras confesar el hurto de la pieza de bronce. Seg\u00fan declararon, la obra de 1932 fue vendida por 30.000 pesos.La Justicia conden\u00f3 a dos hombres de 36 y 47 a\u00f1os, ambos con antecedentes penales, como autores de un [&hellip;]<\/p>\n","protected":false},"author":2,"featured_media":8696,"comment_status":"closed","ping_status":"closed","sticky":false,"template":"","format":"standard","meta":{"pagelayer_contact_templates":[],"_pagelayer_content":"","footnotes":""},"categories":[182],"tags":[2072,6521,6522,894,5726,1858],"class_list":["post-8695","post","type-post","status-publish","format-standard","has-post-thumbnail","hentry","category-sucesos","tag-condenados","tag-el-prado","tag-escultura","tag-estancia","tag-peon","tag-robo"],"amp_enabled":true,"_links":{"self":[{"href":"https:\/\/tododeporteynoticiasuruguay.com.uy\/new\/wp-json\/wp\/v2\/posts\/8695","targetHints":{"allow":["GET"]}}],"collection":[{"href":"https:\/\/tododeporteynoticiasuruguay.com.uy\/new\/wp-json\/wp\/v2\/posts"}],"about":[{"href":"https:\/\/tododeporteynoticiasuruguay.com.uy\/new\/wp-json\/wp\/v2\/types\/post"}],"author":[{"embeddable":true,"href":"https:\/\/tododeporteynoticiasuruguay.com.uy\/new\/wp-json\/wp\/v2\/users\/2"}],"replies":[{"embeddable":true,"href":"https:\/\/tododeporteynoticiasuruguay.com.uy\/new\/wp-json\/wp\/v2\/comments?post=8695"}],"version-history":[{"count":1,"href":"https:\/\/tododeporteynoticiasuruguay.com.uy\/new\/wp-json\/wp\/v2\/posts\/8695\/revisions"}],"predecessor-version":[{"id":8697,"href":"https:\/\/tododeporteynoticiasuruguay.com.uy\/new\/wp-json\/wp\/v2\/posts\/8695\/revisions\/8697"}],"wp:featuredmedia":[{"embeddable":true,"href":"https:\/\/tododeporteynoticiasuruguay.com.uy\/new\/wp-json\/wp\/v2\/media\/8696"}],"wp:attachment":[{"href":"https:\/\/tododeporteynoticiasuruguay.com.uy\/new\/wp-json\/wp\/v2\/media?parent=8695"}],"wp:term":[{"taxonomy":"category","embeddable":true,"href":"https:\/\/tododeporteynoticiasuruguay.com.uy\/new\/wp-json\/wp\/v2\/categories?post=8695"},{"taxonomy":"post_tag","embeddable":true,"href":"https:\/\/tododeporteynoticiasuruguay.com.uy\/new\/wp-json\/wp\/v2\/tags?post=8695"}],"curies":[{"name":"wp","href":"https:\/\/api.w.org\/{rel}","templated":true}]}}