{"id":8685,"date":"2026-04-26T14:31:13","date_gmt":"2026-04-26T17:31:13","guid":{"rendered":"https:\/\/tododeporteynoticiasuruguay.com.uy\/new\/?p=8685"},"modified":"2026-04-26T14:32:06","modified_gmt":"2026-04-26T17:32:06","slug":"julia-paternain-logra-un-historico-octavo-puesto-en-la-maraton-de-londres-y-bate-el-record-nacional","status":"publish","type":"post","link":"https:\/\/tododeporteynoticiasuruguay.com.uy\/new\/2026\/04\/26\/julia-paternain-logra-un-historico-octavo-puesto-en-la-maraton-de-londres-y-bate-el-record-nacional\/","title":{"rendered":"Julia Paternain logra un hist\u00f3rico octavo puesto en la Marat\u00f3n de Londres y bate el r\u00e9cord nacional"},"content":{"rendered":"\n<p>La atleta uruguaya complet\u00f3 los 42 kil\u00f3metros con un tiempo de 2:25:47, marcando la mejor actuaci\u00f3n de un deportista celeste en un \u00abMajor\u00bb y consolid\u00e1ndose en la elite mundial.<br>La fondista uruguaya Julia Paternain volvi\u00f3 a inscribir su nombre en la historia del deporte nacional tras una actuaci\u00f3n consagratoria en la Marat\u00f3n de Londres. Con apenas 26 a\u00f1os, la atleta finaliz\u00f3 en la octava posici\u00f3n de la clasificaci\u00f3n general femenina, estableciendo una nueva marca hist\u00f3rica para el pa\u00eds.<\/p>\n\n\n\n<p>Paternain cruz\u00f3 la meta con un tiempo oficial de 2 horas, 25 minutos y 47 segundos, registro que le permiti\u00f3 pulverizar el r\u00e9cord nacional anterior (2:27:09) que ella misma hab\u00eda establecido en enero de 2024. Este resultado representa, adem\u00e1s, la posici\u00f3n m\u00e1s alta alcanzada por un competidor uruguayo en uno de los seis maratones m\u00e1s importantes del mundo, conocidos como \u00abMajors\u00bb.<\/p>\n\n\n\n<p>La actuaci\u00f3n de la uruguaya confirma su ascenso sostenido en el atletismo de fondo, luego de haber obtenido la medalla de bronce en el Mundial de Tokio 2025. Con este desempe\u00f1o en la capital inglesa, Paternain ratifica su lugar entre las mejores exponentes de la disciplina a nivel internacional.<\/p>\n\n\n\n<p>R\u00e9cords mundiales en una jornada hist\u00f3rica<br>La competencia en Londres tambi\u00e9n fue escenario de hitos globales. En la categor\u00eda femenina, la et\u00edope Tigst Assefa revalid\u00f3 su t\u00edtulo y quebr\u00f3 su propio r\u00e9cord mundial con un tiempo de 2:15:41.<\/p>\n\n\n\n<p>Por su parte, la rama masculina marc\u00f3 un antes y un despu\u00e9s en la historia del deporte: el keniano Sabastian Sawe se convirti\u00f3 en el primer ser humano en correr un marat\u00f3n oficial en menos de dos horas, registrando un tiempo de 1:59:30 y superando la marca previa del fallecido Kelvin Kiptum.<\/p>\n","protected":false},"excerpt":{"rendered":"<p>La atleta uruguaya complet\u00f3 los 42 kil\u00f3metros con un tiempo de 2:25:47, marcando la mejor actuaci\u00f3n de un deportista celeste en un \u00abMajor\u00bb y consolid\u00e1ndose en la elite mundial.La fondista uruguaya Julia Paternain volvi\u00f3 a inscribir su nombre en la historia del deporte nacional tras una actuaci\u00f3n consagratoria en la Marat\u00f3n de Londres. Con apenas [&hellip;]<\/p>\n","protected":false},"author":2,"featured_media":8686,"comment_status":"closed","ping_status":"closed","sticky":false,"template":"","format":"standard","meta":{"pagelayer_contact_templates":[],"_pagelayer_content":"","footnotes":""},"categories":[6],"tags":[6518,2928,6517,2311,3900,2929,2551,4936],"class_list":["post-8685","post","type-post","status-publish","format-standard","has-post-thumbnail","hentry","category-deporte","tag-bate","tag-julia","tag-londres","tag-maraton","tag-nacionalk","tag-paternain","tag-record","tag-uruguayl"],"amp_enabled":true,"_links":{"self":[{"href":"https:\/\/tododeporteynoticiasuruguay.com.uy\/new\/wp-json\/wp\/v2\/posts\/8685","targetHints":{"allow":["GET"]}}],"collection":[{"href":"https:\/\/tododeporteynoticiasuruguay.com.uy\/new\/wp-json\/wp\/v2\/posts"}],"about":[{"href":"https:\/\/tododeporteynoticiasuruguay.com.uy\/new\/wp-json\/wp\/v2\/types\/post"}],"author":[{"embeddable":true,"href":"https:\/\/tododeporteynoticiasuruguay.com.uy\/new\/wp-json\/wp\/v2\/users\/2"}],"replies":[{"embeddable":true,"href":"https:\/\/tododeporteynoticiasuruguay.com.uy\/new\/wp-json\/wp\/v2\/comments?post=8685"}],"version-history":[{"count":1,"href":"https:\/\/tododeporteynoticiasuruguay.com.uy\/new\/wp-json\/wp\/v2\/posts\/8685\/revisions"}],"predecessor-version":[{"id":8687,"href":"https:\/\/tododeporteynoticiasuruguay.com.uy\/new\/wp-json\/wp\/v2\/posts\/8685\/revisions\/8687"}],"wp:featuredmedia":[{"embeddable":true,"href":"https:\/\/tododeporteynoticiasuruguay.com.uy\/new\/wp-json\/wp\/v2\/media\/8686"}],"wp:attachment":[{"href":"https:\/\/tododeporteynoticiasuruguay.com.uy\/new\/wp-json\/wp\/v2\/media?parent=8685"}],"wp:term":[{"taxonomy":"category","embeddable":true,"href":"https:\/\/tododeporteynoticiasuruguay.com.uy\/new\/wp-json\/wp\/v2\/categories?post=8685"},{"taxonomy":"post_tag","embeddable":true,"href":"https:\/\/tododeporteynoticiasuruguay.com.uy\/new\/wp-json\/wp\/v2\/tags?post=8685"}],"curies":[{"name":"wp","href":"https:\/\/api.w.org\/{rel}","templated":true}]}}