{"id":8660,"date":"2026-04-25T22:30:33","date_gmt":"2026-04-26T01:30:33","guid":{"rendered":"https:\/\/tododeporteynoticiasuruguay.com.uy\/new\/?p=8660"},"modified":"2026-04-25T22:42:26","modified_gmt":"2026-04-26T01:42:26","slug":"urrutia-se-destaco-en-la-clasificacion-del-tcr-south-america-en-interlagos","status":"publish","type":"post","link":"https:\/\/tododeporteynoticiasuruguay.com.uy\/new\/2026\/04\/25\/urrutia-se-destaco-en-la-clasificacion-del-tcr-south-america-en-interlagos\/","title":{"rendered":"Urrutia se destac\u00f3 en la clasificaci\u00f3n del TCR South America en Interlagos"},"content":{"rendered":"\n<p>El piloto coloniense, junto al argentino Nicol\u00e1s Fuca, largar\u00e1 desde la quinta posici\u00f3n en la carrera Endurance del circuito paulista.<br>El automovilismo regional vive una jornada clave en el aut\u00f3dromo de Interlagos, San Pablo, donde se desarroll\u00f3 la sesi\u00f3n de clasificaci\u00f3n para la fecha Endurance del TCR South Am\u00e9rica. El uruguayo Santiago Urrutia, compitiendo en dupla con el argentino Nicol\u00e1s Fuca a bordo del Lynk &amp; Co del equipo Paladini Racing, logr\u00f3 posicionarse como el mejor representante de nuestro pa\u00eds al obtener el quinto puesto (P5) en la grilla de partida.<\/p>\n\n\n\n<p>La jornada en el trazado brasile\u00f1o estuvo marcada por la paridad t\u00e9cnica y la exigencia del circuito. La dupla Urrutia-Fuca logr\u00f3 un tiempo combinado competitivo que los sit\u00faa en la lucha directa por el podio para la competencia principal. La pole position qued\u00f3 en manos de la dupla conformada por Casagrande y Fontana, quienes marcaron el ritmo en una sesi\u00f3n sumamente disputada.<\/p>\n\n\n\n<p>En cuanto al resto de la delegaci\u00f3n uruguaya, los resultados fueron diversos en una categor\u00eda que contin\u00faa ganando relevancia en el calendario motor sudamericano. La carrera del domingo, bajo formato de larga duraci\u00f3n, pondr\u00e1 a prueba no solo la velocidad punta de los veh\u00edculos, sino tambi\u00e9n la estrategia de boxes y el ritmo constante de ambos pilotos.<\/p>\n","protected":false},"excerpt":{"rendered":"<p>El piloto coloniense, junto al argentino Nicol\u00e1s Fuca, largar\u00e1 desde la quinta posici\u00f3n en la carrera Endurance del circuito paulista.El automovilismo regional vive una jornada clave en el aut\u00f3dromo de Interlagos, San Pablo, donde se desarroll\u00f3 la sesi\u00f3n de clasificaci\u00f3n para la fecha Endurance del TCR South Am\u00e9rica. El uruguayo Santiago Urrutia, compitiendo en dupla [&hellip;]<\/p>\n","protected":false},"author":2,"featured_media":8661,"comment_status":"closed","ping_status":"closed","sticky":false,"template":"","format":"standard","meta":{"pagelayer_contact_templates":[],"_pagelayer_content":"","footnotes":""},"categories":[6],"tags":[2394,6504,5773,6501,6503,6502,6500],"class_list":["post-8660","post","type-post","status-publish","format-standard","has-post-thumbnail","hentry","category-deporte","tag-america","tag-amperica","tag-clasificacion","tag-interlagos","tag-south","tag-tcr","tag-urrutia"],"amp_enabled":true,"_links":{"self":[{"href":"https:\/\/tododeporteynoticiasuruguay.com.uy\/new\/wp-json\/wp\/v2\/posts\/8660","targetHints":{"allow":["GET"]}}],"collection":[{"href":"https:\/\/tododeporteynoticiasuruguay.com.uy\/new\/wp-json\/wp\/v2\/posts"}],"about":[{"href":"https:\/\/tododeporteynoticiasuruguay.com.uy\/new\/wp-json\/wp\/v2\/types\/post"}],"author":[{"embeddable":true,"href":"https:\/\/tododeporteynoticiasuruguay.com.uy\/new\/wp-json\/wp\/v2\/users\/2"}],"replies":[{"embeddable":true,"href":"https:\/\/tododeporteynoticiasuruguay.com.uy\/new\/wp-json\/wp\/v2\/comments?post=8660"}],"version-history":[{"count":1,"href":"https:\/\/tododeporteynoticiasuruguay.com.uy\/new\/wp-json\/wp\/v2\/posts\/8660\/revisions"}],"predecessor-version":[{"id":8662,"href":"https:\/\/tododeporteynoticiasuruguay.com.uy\/new\/wp-json\/wp\/v2\/posts\/8660\/revisions\/8662"}],"wp:featuredmedia":[{"embeddable":true,"href":"https:\/\/tododeporteynoticiasuruguay.com.uy\/new\/wp-json\/wp\/v2\/media\/8661"}],"wp:attachment":[{"href":"https:\/\/tododeporteynoticiasuruguay.com.uy\/new\/wp-json\/wp\/v2\/media?parent=8660"}],"wp:term":[{"taxonomy":"category","embeddable":true,"href":"https:\/\/tododeporteynoticiasuruguay.com.uy\/new\/wp-json\/wp\/v2\/categories?post=8660"},{"taxonomy":"post_tag","embeddable":true,"href":"https:\/\/tododeporteynoticiasuruguay.com.uy\/new\/wp-json\/wp\/v2\/tags?post=8660"}],"curies":[{"name":"wp","href":"https:\/\/api.w.org\/{rel}","templated":true}]}}