{"id":8657,"date":"2026-04-25T22:18:04","date_gmt":"2026-04-26T01:18:04","guid":{"rendered":"https:\/\/tododeporteynoticiasuruguay.com.uy\/new\/?p=8657"},"modified":"2026-04-25T22:18:05","modified_gmt":"2026-04-26T01:18:05","slug":"clasica-de-ciclismo-batalla-de-las-piedras-se-palpita-una-nueva-edicion-para-este-1-de-mayo","status":"publish","type":"post","link":"https:\/\/tododeporteynoticiasuruguay.com.uy\/new\/2026\/04\/25\/clasica-de-ciclismo-batalla-de-las-piedras-se-palpita-una-nueva-edicion-para-este-1-de-mayo\/","title":{"rendered":"Cl\u00e1sica de ciclismo \u00abBatalla de Las Piedras\u00bb: se palpita una nueva edici\u00f3n para este 1 de mayo"},"content":{"rendered":"\n<p>La competencia, que combina historia y deporte, tendr\u00e1 lugar en el Complejo Deportivo Tango y Vedet con categor\u00edas para todas las edades.<br>En el marco de las conmemoraciones por la gesta hist\u00f3rica de 1811, la ciudad de Las Piedras se prepara para recibir la Cl\u00e1sica de Ciclismo \u00abBatalla de Las Piedras\u00bb. El evento, que se desarrollar\u00e1 el pr\u00f3ximo mi\u00e9rcoles 1 de mayo, convoca a deportistas federados y no federados en una jornada que promete unir el valor hist\u00f3rico con la exigencia f\u00edsica bajo el lema \u00abHistoria, Coraje y Pedal\u00bb.<\/p>\n\n\n\n<p>La actividad tendr\u00e1 como epicentro el Complejo Deportivo Tango y Vedet. Seg\u00fan el cronograma oficial, las inscripciones comenzar\u00e1n a las 8:30 horas, mientras que la largada oficial (partida) est\u00e1 prevista para las 9:15 horas.<\/p>\n\n\n\n<p>Detalles de la competencia y categor\u00edas<br>La organizaci\u00f3n ha dispuesto un circuito de ruta de 25 kil\u00f3metros, dise\u00f1ado para ser competitivo pero accesible a diferentes niveles de preparaci\u00f3n. Las categor\u00edas habilitadas para esta edici\u00f3n son:<\/p>\n\n\n\n<p>Mayores de 50 a\u00f1os y Femeninas.<\/p>\n\n\n\n<p>Menores de 49 a\u00f1os y categor\u00eda \u00abVale Todo\u00bb.<\/p>\n\n\n\n<p>Servicios y log\u00edstica<br>Para garantizar la seguridad y comodidad de los asistentes, el evento contar\u00e1 con:<\/p>\n\n\n\n<p>Coche insignia y de apoyo durante todo el recorrido.<\/p>\n\n\n\n<p>Infraestructura de servicios que incluye estacionamiento, ba\u00f1os, parrilleros y cancha de f\u00fatbol en el predio del complejo.<\/p>\n\n\n\n<p>Premiaci\u00f3n para los primeros puestos de cada categor\u00eda.<\/p>\n\n\n\n<p>Cabe destacar que la participaci\u00f3n es abierta, ya que no se requiere ser ciclista federado para formar parte de la cl\u00e1sica, lo que fomenta la integraci\u00f3n de aficionados de todo el departamento de Canelones y zonas aleda\u00f1as.<\/p>\n","protected":false},"excerpt":{"rendered":"<p>La competencia, que combina historia y deporte, tendr\u00e1 lugar en el Complejo Deportivo Tango y Vedet con categor\u00edas para todas las edades.En el marco de las conmemoraciones por la gesta hist\u00f3rica de 1811, la ciudad de Las Piedras se prepara para recibir la Cl\u00e1sica de Ciclismo \u00abBatalla de Las Piedras\u00bb. El evento, que se desarrollar\u00e1 [&hellip;]<\/p>\n","protected":false},"author":2,"featured_media":8658,"comment_status":"closed","ping_status":"closed","sticky":false,"template":"","format":"standard","meta":{"pagelayer_contact_templates":[],"_pagelayer_content":"","footnotes":""},"categories":[6],"tags":[6499,2220,514,806,2500,703,242],"class_list":["post-8657","post","type-post","status-publish","format-standard","has-post-thumbnail","hentry","category-deporte","tag-1-de-mayo","tag-batalla","tag-canelones","tag-ciclismo","tag-edicion","tag-las-piedras","tag-uruguay"],"amp_enabled":true,"_links":{"self":[{"href":"https:\/\/tododeporteynoticiasuruguay.com.uy\/new\/wp-json\/wp\/v2\/posts\/8657","targetHints":{"allow":["GET"]}}],"collection":[{"href":"https:\/\/tododeporteynoticiasuruguay.com.uy\/new\/wp-json\/wp\/v2\/posts"}],"about":[{"href":"https:\/\/tododeporteynoticiasuruguay.com.uy\/new\/wp-json\/wp\/v2\/types\/post"}],"author":[{"embeddable":true,"href":"https:\/\/tododeporteynoticiasuruguay.com.uy\/new\/wp-json\/wp\/v2\/users\/2"}],"replies":[{"embeddable":true,"href":"https:\/\/tododeporteynoticiasuruguay.com.uy\/new\/wp-json\/wp\/v2\/comments?post=8657"}],"version-history":[{"count":1,"href":"https:\/\/tododeporteynoticiasuruguay.com.uy\/new\/wp-json\/wp\/v2\/posts\/8657\/revisions"}],"predecessor-version":[{"id":8659,"href":"https:\/\/tododeporteynoticiasuruguay.com.uy\/new\/wp-json\/wp\/v2\/posts\/8657\/revisions\/8659"}],"wp:featuredmedia":[{"embeddable":true,"href":"https:\/\/tododeporteynoticiasuruguay.com.uy\/new\/wp-json\/wp\/v2\/media\/8658"}],"wp:attachment":[{"href":"https:\/\/tododeporteynoticiasuruguay.com.uy\/new\/wp-json\/wp\/v2\/media?parent=8657"}],"wp:term":[{"taxonomy":"category","embeddable":true,"href":"https:\/\/tododeporteynoticiasuruguay.com.uy\/new\/wp-json\/wp\/v2\/categories?post=8657"},{"taxonomy":"post_tag","embeddable":true,"href":"https:\/\/tododeporteynoticiasuruguay.com.uy\/new\/wp-json\/wp\/v2\/tags?post=8657"}],"curies":[{"name":"wp","href":"https:\/\/api.w.org\/{rel}","templated":true}]}}