{"id":8641,"date":"2026-04-25T21:09:07","date_gmt":"2026-04-26T00:09:07","guid":{"rendered":"https:\/\/tododeporteynoticiasuruguay.com.uy\/new\/?p=8641"},"modified":"2026-04-25T21:09:08","modified_gmt":"2026-04-26T00:09:08","slug":"abren-inscripciones-para-curso-sobre-estrategias-de-intervencion-en-autismo-para-docentes","status":"publish","type":"post","link":"https:\/\/tododeporteynoticiasuruguay.com.uy\/new\/2026\/04\/25\/abren-inscripciones-para-curso-sobre-estrategias-de-intervencion-en-autismo-para-docentes\/","title":{"rendered":"Abren inscripciones para curso sobre estrategias de intervenci\u00f3n en autismo para docentes"},"content":{"rendered":"\n<p>La propuesta, organizada por la DGEIP, busca fortalecer el trabajo pedag\u00f3gico en el aula y el v\u00ednculo entre instituciones y familias con un enfoque de educaci\u00f3n inclusiva.<br>La Direcci\u00f3n General de Educaci\u00f3n Inicial y Primaria (DGEIP), a trav\u00e9s de su Centro de Formaci\u00f3n Permanente, anunci\u00f3 la apertura de inscripciones para el curso \u00abAutismo: Del derecho al hecho. Estrategias de intervenci\u00f3n en el aula\u00bb. La iniciativa est\u00e1 dirigida a docentes de todo el pa\u00eds y tiene como objetivo central brindar herramientas pr\u00e1cticas para facilitar aprendizajes significativos en alumnos con Trastorno del Espectro Autista (TEA).<\/p>\n\n\n\n<p>Modalidad y carga horaria<br>La formaci\u00f3n se desarrollar\u00e1 bajo una modalidad mixta que combina la virtualidad sincr\u00f3nica con trabajo aut\u00f3nomo:<\/p>\n\n\n\n<p>Carga horaria total: 30 horas (16 horas de talleres sincr\u00f3nicos v\u00eda Zoom y 14 horas de actividades asincr\u00f3nicas).<\/p>\n\n\n\n<p>Encuentros: Ocho jornadas de dos horas cada una.<\/p>\n\n\n\n<p>Plataforma: Se utilizar\u00e1 el entorno virtual CREA para foros de reflexi\u00f3n, tareas colectivas y acceso a materiales de lectura cr\u00edtica.<\/p>\n\n\n\n<p>Como requisito de aprobaci\u00f3n, los participantes deber\u00e1n elaborar una producci\u00f3n acad\u00e9mica final, tras la cual se otorgar\u00e1 la certificaci\u00f3n correspondiente.<\/p>\n\n\n\n<p>Contenidos y enfoque pedag\u00f3gico<br>El programa propone un abordaje actualizado y cr\u00edtico, reconociendo la heterogeneidad del espectro autista. Los contenidos est\u00e1n estructurados en ocho m\u00f3dulos que incluyen:<\/p>\n\n\n\n<p>Modelos de discapacidad e historia del autismo.<\/p>\n\n\n\n<p>Criterios diagn\u00f3sticos y se\u00f1ales de alerta por ciclo vital.<\/p>\n\n\n\n<p>Particularidades del autismo en ni\u00f1as.<\/p>\n\n\n\n<p>Gesti\u00f3n de funciones ejecutivas y regulaci\u00f3n sensorial en el aula.<\/p>\n\n\n\n<p>Abordaje de conductas disruptivas desde una mirada plural.<\/p>\n\n\n\n<p>Inscripciones<br>El plazo para anotarse comienza el 23 de abril y se extender\u00e1 hasta el 30 de abril. Los interesados deber\u00e1n completar el formulario a trav\u00e9s del enlace oficial proporcionado por la Administraci\u00f3n Nacional de Educaci\u00f3n P\u00fablica (ANEP).<\/p>\n","protected":false},"excerpt":{"rendered":"<p>La propuesta, organizada por la DGEIP, busca fortalecer el trabajo pedag\u00f3gico en el aula y el v\u00ednculo entre instituciones y familias con un enfoque de educaci\u00f3n inclusiva.La Direcci\u00f3n General de Educaci\u00f3n Inicial y Primaria (DGEIP), a trav\u00e9s de su Centro de Formaci\u00f3n Permanente, anunci\u00f3 la apertura de inscripciones para el curso \u00abAutismo: Del derecho al [&hellip;]<\/p>\n","protected":false},"author":2,"featured_media":8642,"comment_status":"closed","ping_status":"closed","sticky":false,"template":"","format":"standard","meta":{"pagelayer_contact_templates":[],"_pagelayer_content":"","footnotes":""},"categories":[612,194],"tags":[3332,3212,385,3185,800,6484,788],"class_list":["post-8641","post","type-post","status-publish","format-standard","has-post-thumbnail","hentry","category-cultura","category-salud","tag-autismo","tag-curso","tag-docentes","tag-estrategias","tag-inscripciones","tag-intervvencion","tag-uruguaya"],"amp_enabled":true,"_links":{"self":[{"href":"https:\/\/tododeporteynoticiasuruguay.com.uy\/new\/wp-json\/wp\/v2\/posts\/8641","targetHints":{"allow":["GET"]}}],"collection":[{"href":"https:\/\/tododeporteynoticiasuruguay.com.uy\/new\/wp-json\/wp\/v2\/posts"}],"about":[{"href":"https:\/\/tododeporteynoticiasuruguay.com.uy\/new\/wp-json\/wp\/v2\/types\/post"}],"author":[{"embeddable":true,"href":"https:\/\/tododeporteynoticiasuruguay.com.uy\/new\/wp-json\/wp\/v2\/users\/2"}],"replies":[{"embeddable":true,"href":"https:\/\/tododeporteynoticiasuruguay.com.uy\/new\/wp-json\/wp\/v2\/comments?post=8641"}],"version-history":[{"count":2,"href":"https:\/\/tododeporteynoticiasuruguay.com.uy\/new\/wp-json\/wp\/v2\/posts\/8641\/revisions"}],"predecessor-version":[{"id":8644,"href":"https:\/\/tododeporteynoticiasuruguay.com.uy\/new\/wp-json\/wp\/v2\/posts\/8641\/revisions\/8644"}],"wp:featuredmedia":[{"embeddable":true,"href":"https:\/\/tododeporteynoticiasuruguay.com.uy\/new\/wp-json\/wp\/v2\/media\/8642"}],"wp:attachment":[{"href":"https:\/\/tododeporteynoticiasuruguay.com.uy\/new\/wp-json\/wp\/v2\/media?parent=8641"}],"wp:term":[{"taxonomy":"category","embeddable":true,"href":"https:\/\/tododeporteynoticiasuruguay.com.uy\/new\/wp-json\/wp\/v2\/categories?post=8641"},{"taxonomy":"post_tag","embeddable":true,"href":"https:\/\/tododeporteynoticiasuruguay.com.uy\/new\/wp-json\/wp\/v2\/tags?post=8641"}],"curies":[{"name":"wp","href":"https:\/\/api.w.org\/{rel}","templated":true}]}}