{"id":8638,"date":"2026-04-25T21:03:16","date_gmt":"2026-04-26T00:03:16","guid":{"rendered":"https:\/\/tododeporteynoticiasuruguay.com.uy\/new\/?p=8638"},"modified":"2026-04-25T21:03:17","modified_gmt":"2026-04-26T00:03:17","slug":"handball-rio-negro-fue-sede-de-una-nueva-instancia-de-formacion-para-entrenadores","status":"publish","type":"post","link":"https:\/\/tododeporteynoticiasuruguay.com.uy\/new\/2026\/04\/25\/handball-rio-negro-fue-sede-de-una-nueva-instancia-de-formacion-para-entrenadores\/","title":{"rendered":"Handball: R\u00edo Negro fue sede de una nueva instancia de formaci\u00f3n para entrenadores"},"content":{"rendered":"\n<p>La Federaci\u00f3n Uruguaya de Handball contin\u00faa su plan de descentralizaci\u00f3n y capacitaci\u00f3n t\u00e9cnica con una jornada intensiva dictada por Felipe Rebella en el litoral del pa\u00eds.<\/p>\n\n\n\n<p>La Federaci\u00f3n Uruguaya de Handball llev\u00f3 a cabo una nueva instancia de formaci\u00f3n en el departamento de R\u00edo Negro, reafirmando su compromiso con el desarrollo de la disciplina en el interior del pa\u00eds. El curso, orientado a la formaci\u00f3n de entrenadores, fue dictado por el docente Felipe Rebella.<\/p>\n\n\n\n<p>La actividad se desarroll\u00f3 en una jornada de car\u00e1cter intensivo que combin\u00f3 el intercambio de experiencias con el aprendizaje t\u00e9cnico. Seg\u00fan informaron desde la organizaci\u00f3n, el objetivo central de estos encuentros es fortalecer las capacidades de los directores t\u00e9cnicos locales, asegurando un crecimiento sostenido del deporte en todos los niveles.<\/p>\n\n\n\n<p>Desde la Federaci\u00f3n destacaron que la capacitaci\u00f3n continua se mantiene como uno de los pilares fundamentales de la gesti\u00f3n. Con este tipo de iniciativas, se busca estandarizar los procesos de ense\u00f1anza y potenciar el talento de los j\u00f3venes deportistas uruguayos a trav\u00e9s de una base t\u00e9cnica m\u00e1s s\u00f3lida y profesionalizada en cada departamento.<\/p>\n","protected":false},"excerpt":{"rendered":"<p>La Federaci\u00f3n Uruguaya de Handball contin\u00faa su plan de descentralizaci\u00f3n y capacitaci\u00f3n t\u00e9cnica con una jornada intensiva dictada por Felipe Rebella en el litoral del pa\u00eds. La Federaci\u00f3n Uruguaya de Handball llev\u00f3 a cabo una nueva instancia de formaci\u00f3n en el departamento de R\u00edo Negro, reafirmando su compromiso con el desarrollo de la disciplina en [&hellip;]<\/p>\n","protected":false},"author":2,"featured_media":8639,"comment_status":"closed","ping_status":"closed","sticky":false,"template":"","format":"standard","meta":{"pagelayer_contact_templates":[],"_pagelayer_content":"","footnotes":""},"categories":[6],"tags":[6483,1942,1408,6482,532,3472,4008,242],"class_list":["post-8638","post","type-post","status-publish","format-standard","has-post-thumbnail","hentry","category-deporte","tag-entrenadores","tag-formacion","tag-handball","tag-instancia","tag-negro","tag-rio","tag-sede","tag-uruguay"],"amp_enabled":true,"_links":{"self":[{"href":"https:\/\/tododeporteynoticiasuruguay.com.uy\/new\/wp-json\/wp\/v2\/posts\/8638","targetHints":{"allow":["GET"]}}],"collection":[{"href":"https:\/\/tododeporteynoticiasuruguay.com.uy\/new\/wp-json\/wp\/v2\/posts"}],"about":[{"href":"https:\/\/tododeporteynoticiasuruguay.com.uy\/new\/wp-json\/wp\/v2\/types\/post"}],"author":[{"embeddable":true,"href":"https:\/\/tododeporteynoticiasuruguay.com.uy\/new\/wp-json\/wp\/v2\/users\/2"}],"replies":[{"embeddable":true,"href":"https:\/\/tododeporteynoticiasuruguay.com.uy\/new\/wp-json\/wp\/v2\/comments?post=8638"}],"version-history":[{"count":1,"href":"https:\/\/tododeporteynoticiasuruguay.com.uy\/new\/wp-json\/wp\/v2\/posts\/8638\/revisions"}],"predecessor-version":[{"id":8640,"href":"https:\/\/tododeporteynoticiasuruguay.com.uy\/new\/wp-json\/wp\/v2\/posts\/8638\/revisions\/8640"}],"wp:featuredmedia":[{"embeddable":true,"href":"https:\/\/tododeporteynoticiasuruguay.com.uy\/new\/wp-json\/wp\/v2\/media\/8639"}],"wp:attachment":[{"href":"https:\/\/tododeporteynoticiasuruguay.com.uy\/new\/wp-json\/wp\/v2\/media?parent=8638"}],"wp:term":[{"taxonomy":"category","embeddable":true,"href":"https:\/\/tododeporteynoticiasuruguay.com.uy\/new\/wp-json\/wp\/v2\/categories?post=8638"},{"taxonomy":"post_tag","embeddable":true,"href":"https:\/\/tododeporteynoticiasuruguay.com.uy\/new\/wp-json\/wp\/v2\/tags?post=8638"}],"curies":[{"name":"wp","href":"https:\/\/api.w.org\/{rel}","templated":true}]}}