{"id":8624,"date":"2026-04-25T20:15:14","date_gmt":"2026-04-25T23:15:14","guid":{"rendered":"https:\/\/tododeporteynoticiasuruguay.com.uy\/new\/?p=8624"},"modified":"2026-04-25T20:15:14","modified_gmt":"2026-04-25T23:15:14","slug":"bonomi-y-pereira-seran-los-abanderados-de-uruguay-en-el-cierre-de-los-juegos-suramericanos-de-la-juventud","status":"publish","type":"post","link":"https:\/\/tododeporteynoticiasuruguay.com.uy\/new\/2026\/04\/25\/bonomi-y-pereira-seran-los-abanderados-de-uruguay-en-el-cierre-de-los-juegos-suramericanos-de-la-juventud\/","title":{"rendered":"Bonomi y Pereira ser\u00e1n los abanderados de Uruguay en el cierre de los Juegos Suramericanos de la Juventud"},"content":{"rendered":"\n<p>La medallista de oro en atletismo y el campe\u00f3n en b\u00e1squetbol 3&#215;3 encabezar\u00e1n la delegaci\u00f3n celeste en el desfile de clausura de Panam\u00e1 2026.<br>El Comit\u00e9 Ol\u00edmpico Uruguayo confirm\u00f3 que Antonella Bonomi y Francisco Pereira han sido designados como los abanderados de la delegaci\u00f3n nacional para la ceremonia de clausura de los Juegos Suramericanos de la Juventud Ciudad de Panam\u00e1 2026.<\/p>\n\n\n\n<p>La elecci\u00f3n de ambos deportistas responde a su destacado desempe\u00f1o durante la competencia, donde ambos lograron subir a lo m\u00e1s alto del podio. Bonomi se consagr\u00f3 con la medalla de oro en los 2000 metros con obst\u00e1culos, consolid\u00e1ndose como una de las grandes promesas del atletismo de fondo uruguayo. Por su parte, Pereira integr\u00f3 el equipo de b\u00e1squetbol 3&#215;3 que obtuvo la presea dorada tras una actuaci\u00f3n invicta en el torneo.<\/p>\n\n\n\n<p>Con esta distinci\u00f3n, el deporte uruguayo cierra su participaci\u00f3n en la cita continental, destacando no solo los resultados cuantitativos en el medallero, sino el reconocimiento a figuras que representan la proyecci\u00f3n del olimpismo nacional. El desfile de clausura marcar\u00e1 el fin de las actividades en Panam\u00e1, dando paso al pr\u00f3ximo ciclo de competencias regionales para los j\u00f3venes atletas.<\/p>\n","protected":false},"excerpt":{"rendered":"<p>La medallista de oro en atletismo y el campe\u00f3n en b\u00e1squetbol 3&#215;3 encabezar\u00e1n la delegaci\u00f3n celeste en el desfile de clausura de Panam\u00e1 2026.El Comit\u00e9 Ol\u00edmpico Uruguayo confirm\u00f3 que Antonella Bonomi y Francisco Pereira han sido designados como los abanderados de la delegaci\u00f3n nacional para la ceremonia de clausura de los Juegos Suramericanos de la [&hellip;]<\/p>\n","protected":false},"author":2,"featured_media":8625,"comment_status":"closed","ping_status":"closed","sticky":false,"template":"","format":"standard","meta":{"pagelayer_contact_templates":[],"_pagelayer_content":"","footnotes":""},"categories":[6],"tags":[911,6429,2919,523,5700,6140,6473,5699,242],"class_list":["post-8624","post","type-post","status-publish","format-standard","has-post-thumbnail","hentry","category-deporte","tag-abanderados","tag-bonomi","tag-cierre","tag-juegos","tag-juventud","tag-panama-2","tag-pereira-2","tag-sudamericanos","tag-uruguay"],"amp_enabled":true,"_links":{"self":[{"href":"https:\/\/tododeporteynoticiasuruguay.com.uy\/new\/wp-json\/wp\/v2\/posts\/8624","targetHints":{"allow":["GET"]}}],"collection":[{"href":"https:\/\/tododeporteynoticiasuruguay.com.uy\/new\/wp-json\/wp\/v2\/posts"}],"about":[{"href":"https:\/\/tododeporteynoticiasuruguay.com.uy\/new\/wp-json\/wp\/v2\/types\/post"}],"author":[{"embeddable":true,"href":"https:\/\/tododeporteynoticiasuruguay.com.uy\/new\/wp-json\/wp\/v2\/users\/2"}],"replies":[{"embeddable":true,"href":"https:\/\/tododeporteynoticiasuruguay.com.uy\/new\/wp-json\/wp\/v2\/comments?post=8624"}],"version-history":[{"count":1,"href":"https:\/\/tododeporteynoticiasuruguay.com.uy\/new\/wp-json\/wp\/v2\/posts\/8624\/revisions"}],"predecessor-version":[{"id":8626,"href":"https:\/\/tododeporteynoticiasuruguay.com.uy\/new\/wp-json\/wp\/v2\/posts\/8624\/revisions\/8626"}],"wp:featuredmedia":[{"embeddable":true,"href":"https:\/\/tododeporteynoticiasuruguay.com.uy\/new\/wp-json\/wp\/v2\/media\/8625"}],"wp:attachment":[{"href":"https:\/\/tododeporteynoticiasuruguay.com.uy\/new\/wp-json\/wp\/v2\/media?parent=8624"}],"wp:term":[{"taxonomy":"category","embeddable":true,"href":"https:\/\/tododeporteynoticiasuruguay.com.uy\/new\/wp-json\/wp\/v2\/categories?post=8624"},{"taxonomy":"post_tag","embeddable":true,"href":"https:\/\/tododeporteynoticiasuruguay.com.uy\/new\/wp-json\/wp\/v2\/tags?post=8624"}],"curies":[{"name":"wp","href":"https:\/\/api.w.org\/{rel}","templated":true}]}}