{"id":8621,"date":"2026-04-25T20:02:09","date_gmt":"2026-04-25T23:02:09","guid":{"rendered":"https:\/\/tododeporteynoticiasuruguay.com.uy\/new\/?p=8621"},"modified":"2026-04-25T20:02:10","modified_gmt":"2026-04-25T23:02:10","slug":"movilizacion-de-repartidores-en-el-centro-de-montevideo-tras-recientes-homicidios-de-trabajadores","status":"publish","type":"post","link":"https:\/\/tododeporteynoticiasuruguay.com.uy\/new\/2026\/04\/25\/movilizacion-de-repartidores-en-el-centro-de-montevideo-tras-recientes-homicidios-de-trabajadores\/","title":{"rendered":"Movilizaci\u00f3n de repartidores en el centro de Montevideo tras recientes homicidios de trabajadores"},"content":{"rendered":"\n<p>Cientos de trabajadores de delivery marcharon por la avenida 18 de Julio en reclamo de mayores medidas de seguridad y justicia, luego de que dos j\u00f3venes vinculados al sector fueran asesinados en las \u00faltimas horas.<br>Este s\u00e1bado al mediod\u00eda, una masiva columna de repartidores en motocicleta se desplaz\u00f3 por la principal avenida de la capital, 18 de Julio, en una movilizaci\u00f3n que surge como respuesta inmediata a la creciente ola de inseguridad que afecta al sector. La marcha, que se desarroll\u00f3 de forma pac\u00edfica pero con un fuerte reclamo de justicia, tuvo como detonante principal el asesinato de un trabajador de delivery ocurrido el viernes por la noche en la zona de Carrasco Norte.<\/p>\n\n\n\n<p>El colectivo de trabajadores denuncia un escenario de vulnerabilidad constante, se\u00f1alando que son v\u00edctimas frecuentes de rapi\u00f1as y agresiones violentas mientras cumplen su jornada laboral. Seg\u00fan manifestaron los voceros de la movilizaci\u00f3n, la falta de garant\u00edas en la v\u00eda p\u00fablica ha vuelto \u00abinsostenible\u00bb el desempe\u00f1o de sus tareas.<\/p>\n\n\n\n<p>El malestar del sector se vio agravado por dos hechos de sangre recientes:<\/p>\n\n\n\n<p>El caso de Juan: Un repartidor que, tras una discusi\u00f3n de tr\u00e1nsito, fue atacado con un arma blanca por un hombre que se dio a la fuga. Si bien el agresor ya fue detenido e imputado por la Justicia, el hecho gener\u00f3 una profunda indignaci\u00f3n.<\/p>\n\n\n\n<p>Homicidio en la madrugada del viernes: Un joven de 22 a\u00f1os, tambi\u00e9n vinculado al rubro, fue asesinado a tiros mientras paseaba con su pareja tras finalizar su turno laboral. El ataque fue perpetrado por delincuentes que se desplazaban en moto.<\/p>\n\n\n\n<p>La movilizaci\u00f3n de este s\u00e1bado busca visibilizar estos episodios y exigir a las autoridades del Ministerio del Interior y a las empresas de aplicaciones de entrega la implementaci\u00f3n de protocolos y medidas de seguridad que protejan la integridad f\u00edsica de los trabajadores en las calles de Montevideo.<\/p>\n","protected":false},"excerpt":{"rendered":"<p>Cientos de trabajadores de delivery marcharon por la avenida 18 de Julio en reclamo de mayores medidas de seguridad y justicia, luego de que dos j\u00f3venes vinculados al sector fueran asesinados en las \u00faltimas horas.Este s\u00e1bado al mediod\u00eda, una masiva columna de repartidores en motocicleta se desplaz\u00f3 por la principal avenida de la capital, 18 [&hellip;]<\/p>\n","protected":false},"author":2,"featured_media":8622,"comment_status":"closed","ping_status":"closed","sticky":false,"template":"","format":"standard","meta":{"pagelayer_contact_templates":[],"_pagelayer_content":"","footnotes":""},"categories":[182],"tags":[2091,451,266,2630,4128,1659],"class_list":["post-8621","post","type-post","status-publish","format-standard","has-post-thumbnail","hentry","category-sucesos","tag-centro","tag-homicidios","tag-montevideo","tag-movilizacion","tag-repartidores","tag-trabajadores"],"amp_enabled":true,"_links":{"self":[{"href":"https:\/\/tododeporteynoticiasuruguay.com.uy\/new\/wp-json\/wp\/v2\/posts\/8621","targetHints":{"allow":["GET"]}}],"collection":[{"href":"https:\/\/tododeporteynoticiasuruguay.com.uy\/new\/wp-json\/wp\/v2\/posts"}],"about":[{"href":"https:\/\/tododeporteynoticiasuruguay.com.uy\/new\/wp-json\/wp\/v2\/types\/post"}],"author":[{"embeddable":true,"href":"https:\/\/tododeporteynoticiasuruguay.com.uy\/new\/wp-json\/wp\/v2\/users\/2"}],"replies":[{"embeddable":true,"href":"https:\/\/tododeporteynoticiasuruguay.com.uy\/new\/wp-json\/wp\/v2\/comments?post=8621"}],"version-history":[{"count":1,"href":"https:\/\/tododeporteynoticiasuruguay.com.uy\/new\/wp-json\/wp\/v2\/posts\/8621\/revisions"}],"predecessor-version":[{"id":8623,"href":"https:\/\/tododeporteynoticiasuruguay.com.uy\/new\/wp-json\/wp\/v2\/posts\/8621\/revisions\/8623"}],"wp:featuredmedia":[{"embeddable":true,"href":"https:\/\/tododeporteynoticiasuruguay.com.uy\/new\/wp-json\/wp\/v2\/media\/8622"}],"wp:attachment":[{"href":"https:\/\/tododeporteynoticiasuruguay.com.uy\/new\/wp-json\/wp\/v2\/media?parent=8621"}],"wp:term":[{"taxonomy":"category","embeddable":true,"href":"https:\/\/tododeporteynoticiasuruguay.com.uy\/new\/wp-json\/wp\/v2\/categories?post=8621"},{"taxonomy":"post_tag","embeddable":true,"href":"https:\/\/tododeporteynoticiasuruguay.com.uy\/new\/wp-json\/wp\/v2\/tags?post=8621"}],"curies":[{"name":"wp","href":"https:\/\/api.w.org\/{rel}","templated":true}]}}