{"id":8599,"date":"2026-04-25T18:57:39","date_gmt":"2026-04-25T21:57:39","guid":{"rendered":"https:\/\/tododeporteynoticiasuruguay.com.uy\/new\/?p=8599"},"modified":"2026-04-25T18:57:39","modified_gmt":"2026-04-25T21:57:39","slug":"bruno-nunez-logra-el-bronce-en-los-3000-metros-y-suma-su-segunda-medalla-en-los-juegos-suramericanos-de-la-juventud","status":"publish","type":"post","link":"https:\/\/tododeporteynoticiasuruguay.com.uy\/new\/2026\/04\/25\/bruno-nunez-logra-el-bronce-en-los-3000-metros-y-suma-su-segunda-medalla-en-los-juegos-suramericanos-de-la-juventud\/","title":{"rendered":"Bruno N\u00fa\u00f1ez logra el bronce en los 3000 metros y suma su segunda medalla en los Juegos Suramericanos de la Juventud"},"content":{"rendered":"\n<p>El atleta uruguayo cerr\u00f3 una destacada participaci\u00f3n en el certamen continental tras registrar un tiempo de 9:03.82. N\u00fa\u00f1ez ya hab\u00eda obtenido la medalla de plata en los 2000 metros con obst\u00e1culos.<br>El atletismo uruguayo culmin\u00f3 su pasaje por los Juegos Suramericanos de la Juventud Panam\u00e1 2026 con una nota alta. Bruno N\u00fa\u00f1ez se adjudic\u00f3 la medalla de bronce en la prueba de los 3000 metros llanos, consolid\u00e1ndose como una de las figuras m\u00e1s prometedoras de la delegaci\u00f3n celeste en la competici\u00f3n.<\/p>\n\n\n\n<p>N\u00fa\u00f1ez complet\u00f3 la prueba con una marca de 9:03.82, lo que le permiti\u00f3 subir al tercer escal\u00f3n del podio en una jornada de cierre cargada de competitividad. Este logro representa la segunda presea para el deportista en el torneo, tras haber conseguido previamente la medalla de plata en la modalidad de 2000 metros con obst\u00e1culos.<\/p>\n\n\n\n<p>Con este resultado, el equipo de atletismo de Uruguay finaliza su calendario oficial en los Juegos, destacando la regularidad y el rendimiento f\u00edsico de sus competidores en el escenario internacional. La actuaci\u00f3n de N\u00fa\u00f1ez subraya el proceso de crecimiento de las categor\u00edas juveniles en el atletismo nacional, logrando podios en pruebas de fondo y medio fondo.<\/p>\n","protected":false},"excerpt":{"rendered":"<p>El atleta uruguayo cerr\u00f3 una destacada participaci\u00f3n en el certamen continental tras registrar un tiempo de 9:03.82. N\u00fa\u00f1ez ya hab\u00eda obtenido la medalla de plata en los 2000 metros con obst\u00e1culos.El atletismo uruguayo culmin\u00f3 su pasaje por los Juegos Suramericanos de la Juventud Panam\u00e1 2026 con una nota alta. Bruno N\u00fa\u00f1ez se adjudic\u00f3 la medalla [&hellip;]<\/p>\n","protected":false},"author":2,"featured_media":8600,"comment_status":"closed","ping_status":"closed","sticky":false,"template":"","format":"standard","meta":{"pagelayer_contact_templates":[],"_pagelayer_content":"","footnotes":""},"categories":[6],"tags":[6459,1458,3040,523,2782,6458,2499,5699],"class_list":["post-8599","post","type-post","status-publish","format-standard","has-post-thumbnail","hentry","category-deporte","tag-3000-mts","tag-bronce","tag-bruno","tag-juegos","tag-medalla","tag-nunez-2","tag-segunda","tag-sudamericanos"],"amp_enabled":true,"_links":{"self":[{"href":"https:\/\/tododeporteynoticiasuruguay.com.uy\/new\/wp-json\/wp\/v2\/posts\/8599","targetHints":{"allow":["GET"]}}],"collection":[{"href":"https:\/\/tododeporteynoticiasuruguay.com.uy\/new\/wp-json\/wp\/v2\/posts"}],"about":[{"href":"https:\/\/tododeporteynoticiasuruguay.com.uy\/new\/wp-json\/wp\/v2\/types\/post"}],"author":[{"embeddable":true,"href":"https:\/\/tododeporteynoticiasuruguay.com.uy\/new\/wp-json\/wp\/v2\/users\/2"}],"replies":[{"embeddable":true,"href":"https:\/\/tododeporteynoticiasuruguay.com.uy\/new\/wp-json\/wp\/v2\/comments?post=8599"}],"version-history":[{"count":1,"href":"https:\/\/tododeporteynoticiasuruguay.com.uy\/new\/wp-json\/wp\/v2\/posts\/8599\/revisions"}],"predecessor-version":[{"id":8601,"href":"https:\/\/tododeporteynoticiasuruguay.com.uy\/new\/wp-json\/wp\/v2\/posts\/8599\/revisions\/8601"}],"wp:featuredmedia":[{"embeddable":true,"href":"https:\/\/tododeporteynoticiasuruguay.com.uy\/new\/wp-json\/wp\/v2\/media\/8600"}],"wp:attachment":[{"href":"https:\/\/tododeporteynoticiasuruguay.com.uy\/new\/wp-json\/wp\/v2\/media?parent=8599"}],"wp:term":[{"taxonomy":"category","embeddable":true,"href":"https:\/\/tododeporteynoticiasuruguay.com.uy\/new\/wp-json\/wp\/v2\/categories?post=8599"},{"taxonomy":"post_tag","embeddable":true,"href":"https:\/\/tododeporteynoticiasuruguay.com.uy\/new\/wp-json\/wp\/v2\/tags?post=8599"}],"curies":[{"name":"wp","href":"https:\/\/api.w.org\/{rel}","templated":true}]}}