{"id":8596,"date":"2026-04-25T18:51:50","date_gmt":"2026-04-25T21:51:50","guid":{"rendered":"https:\/\/tododeporteynoticiasuruguay.com.uy\/new\/?p=8596"},"modified":"2026-04-25T18:52:43","modified_gmt":"2026-04-25T21:52:43","slug":"paysandu-fue-sede-de-una-jornada-regional-sobre-deteccion-prenatal-de-cardiopatias-congenitas","status":"publish","type":"post","link":"https:\/\/tododeporteynoticiasuruguay.com.uy\/new\/2026\/04\/25\/paysandu-fue-sede-de-una-jornada-regional-sobre-deteccion-prenatal-de-cardiopatias-congenitas\/","title":{"rendered":"Paysand\u00fa fue sede de una jornada regional sobre detecci\u00f3n prenatal de cardiopat\u00edas cong\u00e9nitas"},"content":{"rendered":"\n<p>El intendente en ejercicio, Ricardo Molinelli, destac\u00f3 la importancia de la actualizaci\u00f3n m\u00e9dica y la descentralizaci\u00f3n de servicios de salud complejos en el interior del pa\u00eds.<br>En el marco de un esfuerzo por fortalecer la salud neonatal y pedi\u00e1trica en el litoral, se llev\u00f3 a cabo en Paysand\u00fa la Jornada Regional de Cardiopat\u00edas Cong\u00e9nitas Complejas y Detecci\u00f3n Prenatal. La actividad, que reuni\u00f3 a especialistas de la regi\u00f3n, fue organizada por el Servicio de Cardiolog\u00eda Pedi\u00e1trica y de Adultos de la mutualista Comepa.<\/p>\n\n\n\n<p>El acto de apertura cont\u00f3 con la presencia del intendente de Paysand\u00fa en ejercicio, Ricardo Molinelli, quien subray\u00f3 el compromiso del departamento con la formaci\u00f3n m\u00e9dica continua. Durante su intervenci\u00f3n, Molinelli valor\u00f3 positivamente que este tipo de instancias acad\u00e9micas se desarrollen en el interior, permitiendo mejorar los diagn\u00f3sticos tempranos y, en consecuencia, la tasa de supervivencia y calidad de vida de los reci\u00e9n nacidos con patolog\u00edas card\u00edacas.<\/p>\n\n\n\n<p>Avances en diagn\u00f3stico temprano<br>La jornada t\u00e9cnica se centr\u00f3 en la optimizaci\u00f3n de los protocolos de detecci\u00f3n prenatal, una herramienta cr\u00edtica para el abordaje de cardiopat\u00edas complejas antes del nacimiento. Seg\u00fan los organizadores, el diagn\u00f3stico oportuno permite coordinar traslados y cirug\u00edas en centros especializados de manera inmediata, reduciendo riesgos de mortalidad infantil.<\/p>\n\n\n\n<p>El evento cont\u00f3 con la participaci\u00f3n de destacados profesionales del \u00e1rea de cardiolog\u00eda pedi\u00e1trica, quienes compartieron actualizaciones sobre tratamiento y seguimiento de pacientes, consolidando a Paysand\u00fa como un punto de referencia para la capacitaci\u00f3n en salud en la regi\u00f3n norte del pa\u00eds.<\/p>\n","protected":false},"excerpt":{"rendered":"<p>El intendente en ejercicio, Ricardo Molinelli, destac\u00f3 la importancia de la actualizaci\u00f3n m\u00e9dica y la descentralizaci\u00f3n de servicios de salud complejos en el interior del pa\u00eds.En el marco de un esfuerzo por fortalecer la salud neonatal y pedi\u00e1trica en el litoral, se llev\u00f3 a cabo en Paysand\u00fa la Jornada Regional de Cardiopat\u00edas Cong\u00e9nitas Complejas y [&hellip;]<\/p>\n","protected":false},"author":2,"featured_media":8597,"comment_status":"closed","ping_status":"closed","sticky":false,"template":"","format":"standard","meta":{"pagelayer_contact_templates":[],"_pagelayer_content":"","footnotes":""},"categories":[194],"tags":[6455,6456,3570,6454,6457,242],"class_list":["post-8596","post","type-post","status-publish","format-standard","has-post-thumbnail","hentry","category-salud","tag-cardiopatias","tag-congenitas","tag-deteccion","tag-ppaysandu","tag-prenatal","tag-uruguay"],"amp_enabled":true,"_links":{"self":[{"href":"https:\/\/tododeporteynoticiasuruguay.com.uy\/new\/wp-json\/wp\/v2\/posts\/8596","targetHints":{"allow":["GET"]}}],"collection":[{"href":"https:\/\/tododeporteynoticiasuruguay.com.uy\/new\/wp-json\/wp\/v2\/posts"}],"about":[{"href":"https:\/\/tododeporteynoticiasuruguay.com.uy\/new\/wp-json\/wp\/v2\/types\/post"}],"author":[{"embeddable":true,"href":"https:\/\/tododeporteynoticiasuruguay.com.uy\/new\/wp-json\/wp\/v2\/users\/2"}],"replies":[{"embeddable":true,"href":"https:\/\/tododeporteynoticiasuruguay.com.uy\/new\/wp-json\/wp\/v2\/comments?post=8596"}],"version-history":[{"count":1,"href":"https:\/\/tododeporteynoticiasuruguay.com.uy\/new\/wp-json\/wp\/v2\/posts\/8596\/revisions"}],"predecessor-version":[{"id":8598,"href":"https:\/\/tododeporteynoticiasuruguay.com.uy\/new\/wp-json\/wp\/v2\/posts\/8596\/revisions\/8598"}],"wp:featuredmedia":[{"embeddable":true,"href":"https:\/\/tododeporteynoticiasuruguay.com.uy\/new\/wp-json\/wp\/v2\/media\/8597"}],"wp:attachment":[{"href":"https:\/\/tododeporteynoticiasuruguay.com.uy\/new\/wp-json\/wp\/v2\/media?parent=8596"}],"wp:term":[{"taxonomy":"category","embeddable":true,"href":"https:\/\/tododeporteynoticiasuruguay.com.uy\/new\/wp-json\/wp\/v2\/categories?post=8596"},{"taxonomy":"post_tag","embeddable":true,"href":"https:\/\/tododeporteynoticiasuruguay.com.uy\/new\/wp-json\/wp\/v2\/tags?post=8596"}],"curies":[{"name":"wp","href":"https:\/\/api.w.org\/{rel}","templated":true}]}}