{"id":7188,"date":"2026-03-04T10:52:12","date_gmt":"2026-03-04T13:52:12","guid":{"rendered":"https:\/\/tododeporteynoticiasuruguay.com.uy\/new\/?p=7188"},"modified":"2026-03-04T10:52:12","modified_gmt":"2026-03-04T13:52:12","slug":"conmemoracion-del-8m-inmujeres-realizara-el-acto-central-en-torre-ejecutiva-bajo-la-consigna-igualdad-de-genero-compromiso-de-estado","status":"publish","type":"post","link":"https:\/\/tododeporteynoticiasuruguay.com.uy\/new\/2026\/03\/04\/conmemoracion-del-8m-inmujeres-realizara-el-acto-central-en-torre-ejecutiva-bajo-la-consigna-igualdad-de-genero-compromiso-de-estado\/","title":{"rendered":"Conmemoraci\u00f3n del 8M: Inmujeres realizar\u00e1 el acto central en Torre Ejecutiva bajo la consigna \u00abIgualdad de g\u00e9nero, compromiso de Estado\u00bb"},"content":{"rendered":"\n<p>El evento tendr\u00e1 lugar el lunes 9 de marzo en el Auditorio del Edificio Anexo. Se requiere inscripci\u00f3n previa para asistir de forma presencial, aunque tambi\u00e9n ser\u00e1 transmitido v\u00eda streaming.<\/p>\n\n\n\n<p>En el marco del D\u00eda Internacional de las Mujeres, el Instituto Nacional de las Mujeres (Inmujeres) del Ministerio de Desarrollo Social (Mides) llevar\u00e1 a cabo su acto central de conmemoraci\u00f3n. Bajo la consigna \u00abCuando todas las mujeres avanzan, la sociedad avanza\u00bb, la actividad busca reafirmar la igualdad de g\u00e9nero como un compromiso de Estado.<\/p>\n\n\n\n<p>El evento se desarrollar\u00e1 el pr\u00f3ximo lunes 9 de marzo, entre las 10:00 y las 12:00 horas, en el Auditorio del Edificio Anexo de la Torre Ejecutiva, ubicado en Liniers 1280, Montevideo.<\/p>\n\n\n\n<p>Debido a que los cupos son limitados, la organizaci\u00f3n ha dispuesto un formulario de inscripci\u00f3n previo para quienes deseen asistir presencialmente. No obstante, con el fin de garantizar el acceso a nivel nacional, la jornada ser\u00e1 transmitida en directo a trav\u00e9s de los canales oficiales de YouTube de Inmujeres y del Mides.<\/p>\n\n\n\n<p>Esta instancia se posiciona como el hito principal de la agenda oficial por el 8M, donde se espera la participaci\u00f3n de autoridades nacionales y referentes del \u00e1rea social para reflexionar sobre los avances y desaf\u00edos pendientes en materia de derechos y equidad en Uruguay.<\/p>\n","protected":false},"excerpt":{"rendered":"<p>El evento tendr\u00e1 lugar el lunes 9 de marzo en el Auditorio del Edificio Anexo. Se requiere inscripci\u00f3n previa para asistir de forma presencial, aunque tambi\u00e9n ser\u00e1 transmitido v\u00eda streaming. En el marco del D\u00eda Internacional de las Mujeres, el Instituto Nacional de las Mujeres (Inmujeres) del Ministerio de Desarrollo Social (Mides) llevar\u00e1 a cabo [&hellip;]<\/p>\n","protected":false},"author":2,"featured_media":7189,"comment_status":"closed","ping_status":"closed","sticky":false,"template":"","format":"standard","meta":{"pagelayer_contact_templates":[],"_pagelayer_content":"","footnotes":""},"categories":[184],"tags":[5655,5654,1452],"class_list":["post-7188","post","type-post","status-publish","format-standard","has-post-thumbnail","hentry","category-oficial","tag-8m","tag-conmemoracion","tag-inmujeres"],"amp_enabled":true,"_links":{"self":[{"href":"https:\/\/tododeporteynoticiasuruguay.com.uy\/new\/wp-json\/wp\/v2\/posts\/7188","targetHints":{"allow":["GET"]}}],"collection":[{"href":"https:\/\/tododeporteynoticiasuruguay.com.uy\/new\/wp-json\/wp\/v2\/posts"}],"about":[{"href":"https:\/\/tododeporteynoticiasuruguay.com.uy\/new\/wp-json\/wp\/v2\/types\/post"}],"author":[{"embeddable":true,"href":"https:\/\/tododeporteynoticiasuruguay.com.uy\/new\/wp-json\/wp\/v2\/users\/2"}],"replies":[{"embeddable":true,"href":"https:\/\/tododeporteynoticiasuruguay.com.uy\/new\/wp-json\/wp\/v2\/comments?post=7188"}],"version-history":[{"count":2,"href":"https:\/\/tododeporteynoticiasuruguay.com.uy\/new\/wp-json\/wp\/v2\/posts\/7188\/revisions"}],"predecessor-version":[{"id":7191,"href":"https:\/\/tododeporteynoticiasuruguay.com.uy\/new\/wp-json\/wp\/v2\/posts\/7188\/revisions\/7191"}],"wp:featuredmedia":[{"embeddable":true,"href":"https:\/\/tododeporteynoticiasuruguay.com.uy\/new\/wp-json\/wp\/v2\/media\/7189"}],"wp:attachment":[{"href":"https:\/\/tododeporteynoticiasuruguay.com.uy\/new\/wp-json\/wp\/v2\/media?parent=7188"}],"wp:term":[{"taxonomy":"category","embeddable":true,"href":"https:\/\/tododeporteynoticiasuruguay.com.uy\/new\/wp-json\/wp\/v2\/categories?post=7188"},{"taxonomy":"post_tag","embeddable":true,"href":"https:\/\/tododeporteynoticiasuruguay.com.uy\/new\/wp-json\/wp\/v2\/tags?post=7188"}],"curies":[{"name":"wp","href":"https:\/\/api.w.org\/{rel}","templated":true}]}}