{"id":7158,"date":"2026-03-03T12:40:23","date_gmt":"2026-03-03T15:40:23","guid":{"rendered":"https:\/\/tododeporteynoticiasuruguay.com.uy\/new\/?p=7158"},"modified":"2026-03-03T12:41:38","modified_gmt":"2026-03-03T15:41:38","slug":"empanadas-en-circulo-se-expande-lanzan-talleres-regionales-para-fortalecer-la-identidad-y-el-empleo-en-el-litoral","status":"publish","type":"post","link":"https:\/\/tododeporteynoticiasuruguay.com.uy\/new\/2026\/03\/03\/empanadas-en-circulo-se-expande-lanzan-talleres-regionales-para-fortalecer-la-identidad-y-el-empleo-en-el-litoral\/","title":{"rendered":"\u00abEmpanadas en C\u00edrculo\u00bb se expande: lanzan talleres regionales para fortalecer la identidad y el empleo en el Litoral"},"content":{"rendered":"\n<p>La iniciativa, declarada de Inter\u00e9s Departamental, busca articular con municipios y organizaciones sociales para transformar la gastronom\u00eda en una herramienta de inclusi\u00f3n social.<br>El proyecto sanducero \u00abEmpanadas en C\u00edrculo\u00bb anunci\u00f3 el lanzamiento de una ambiciosa propuesta de talleres regionales destinados a todo el Litoral del pa\u00eds. Tras consolidarse como un evento de referencia en Paysand\u00fa, la iniciativa busca ahora trasladar su modelo de econom\u00eda circular y formaci\u00f3n comunitaria a otros departamentos, vinculando la tradici\u00f3n culinaria con el desarrollo econ\u00f3mico local.<\/p>\n\n\n\n<p>Bajo la premisa de que la cocina es un \u00abespacio de encuentro sin jerarqu\u00edas\u00bb, estos talleres combinan la formaci\u00f3n t\u00e9cnica en elaboraci\u00f3n y manipulaci\u00f3n responsable de alimentos con instancias de reflexi\u00f3n sobre la memoria cultural. El objetivo principal es revalorizar la cultura popular y brindar herramientas concretas de sustento a familias y emprendedores de la regi\u00f3n.<\/p>\n\n\n\n<p>Respaldo institucional y enfoque social<br>El programa cuenta con un s\u00f3lido marco de apoyo que incluye a la Intendencia de Paysand\u00fa, el Ministerio de Desarrollo Social (MIDES), la Agencia de Desarrollo y diversas PYMES locales. Este entramado institucional permite que el proyecto no solo sea una instancia gastron\u00f3mica, sino un motor de inclusi\u00f3n que fortalece la red de proveedores y productores del territorio.<\/p>\n\n\n\n<p>Los talleres est\u00e1n dise\u00f1ados para ser dictados en:<\/p>\n\n\n\n<p>Centros educativos y organizaciones sociales.<\/p>\n\n\n\n<p>Clubes, asociaciones civiles y municipios.<\/p>\n\n\n\n<p>Colectivos culturales y emprendimientos locales.<\/p>\n\n\n\n<p>Adem\u00e1s de la t\u00e9cnica del \u00abrepulgue\u00bb y la creatividad gastron\u00f3mica, la propuesta hace hincapi\u00e9 en la identidad: cada empanada es vista como un legado cultural que se transmite entre generaciones, transformando una receta familiar en una oportunidad de trabajo digno y convivencia ciudadana.<br><br><strong>Informaci\u00f3n de contacto<\/strong><br><br>092 543 614<\/p>\n","protected":false},"excerpt":{"rendered":"<p>La iniciativa, declarada de Inter\u00e9s Departamental, busca articular con municipios y organizaciones sociales para transformar la gastronom\u00eda en una herramienta de inclusi\u00f3n social.El proyecto sanducero \u00abEmpanadas en C\u00edrculo\u00bb anunci\u00f3 el lanzamiento de una ambiciosa propuesta de talleres regionales destinados a todo el Litoral del pa\u00eds. Tras consolidarse como un evento de referencia en Paysand\u00fa, la [&hellip;]<\/p>\n","protected":false},"author":2,"featured_media":7159,"comment_status":"closed","ping_status":"closed","sticky":false,"template":"","format":"standard","meta":{"pagelayer_contact_templates":[],"_pagelayer_content":"","footnotes":""},"categories":[180],"tags":[5632,593,2153,3896,5634,2726,631,5633,1224,242],"class_list":["post-7158","post","type-post","status-publish","format-standard","has-post-thumbnail","hentry","category-empleo","tag-empanadas-en-circulo","tag-empleo","tag-fortalecer","tag-identidad","tag-kasandra","tag-litoral","tag-paysandu-2","tag-regionales","tag-talleres","tag-uruguay"],"amp_enabled":true,"_links":{"self":[{"href":"https:\/\/tododeporteynoticiasuruguay.com.uy\/new\/wp-json\/wp\/v2\/posts\/7158","targetHints":{"allow":["GET"]}}],"collection":[{"href":"https:\/\/tododeporteynoticiasuruguay.com.uy\/new\/wp-json\/wp\/v2\/posts"}],"about":[{"href":"https:\/\/tododeporteynoticiasuruguay.com.uy\/new\/wp-json\/wp\/v2\/types\/post"}],"author":[{"embeddable":true,"href":"https:\/\/tododeporteynoticiasuruguay.com.uy\/new\/wp-json\/wp\/v2\/users\/2"}],"replies":[{"embeddable":true,"href":"https:\/\/tododeporteynoticiasuruguay.com.uy\/new\/wp-json\/wp\/v2\/comments?post=7158"}],"version-history":[{"count":2,"href":"https:\/\/tododeporteynoticiasuruguay.com.uy\/new\/wp-json\/wp\/v2\/posts\/7158\/revisions"}],"predecessor-version":[{"id":7162,"href":"https:\/\/tododeporteynoticiasuruguay.com.uy\/new\/wp-json\/wp\/v2\/posts\/7158\/revisions\/7162"}],"wp:featuredmedia":[{"embeddable":true,"href":"https:\/\/tododeporteynoticiasuruguay.com.uy\/new\/wp-json\/wp\/v2\/media\/7159"}],"wp:attachment":[{"href":"https:\/\/tododeporteynoticiasuruguay.com.uy\/new\/wp-json\/wp\/v2\/media?parent=7158"}],"wp:term":[{"taxonomy":"category","embeddable":true,"href":"https:\/\/tododeporteynoticiasuruguay.com.uy\/new\/wp-json\/wp\/v2\/categories?post=7158"},{"taxonomy":"post_tag","embeddable":true,"href":"https:\/\/tododeporteynoticiasuruguay.com.uy\/new\/wp-json\/wp\/v2\/tags?post=7158"}],"curies":[{"name":"wp","href":"https:\/\/api.w.org\/{rel}","templated":true}]}}