{"id":7111,"date":"2026-03-02T13:31:05","date_gmt":"2026-03-02T16:31:05","guid":{"rendered":"https:\/\/tododeporteynoticiasuruguay.com.uy\/new\/?p=7111"},"modified":"2026-03-02T13:31:05","modified_gmt":"2026-03-02T16:31:05","slug":"el-cecoed-de-colonia-se-reune-para-abordar-el-deficit-hidrico-y-la-gripe-aviar","status":"publish","type":"post","link":"https:\/\/tododeporteynoticiasuruguay.com.uy\/new\/2026\/03\/02\/el-cecoed-de-colonia-se-reune-para-abordar-el-deficit-hidrico-y-la-gripe-aviar\/","title":{"rendered":"El CECOED de Colonia se re\u00fane para abordar el d\u00e9ficit h\u00eddrico y la gripe aviar"},"content":{"rendered":"\n<p>El encuentro tendr\u00e1 lugar este lunes en el Palacio de Gobierno Departamental.<\/p>\n\n\n\n<p>Autoridades coordinar\u00e1n acciones ante la situaci\u00f3n sanitaria y clim\u00e1tica que afecta a la regi\u00f3n.<\/p>\n\n\n\n<p>Este lunes 2 de marzo, a partir de las 15:00 horas, el Centro de Coordinaci\u00f3n de Emergencias Departamental (CECOED) de Colonia mantendr\u00e1 una reuni\u00f3n clave en el Sal\u00f3n de Actos del Palacio de Gobierno Departamental.<\/p>\n\n\n\n<p>El encuentro surge ante la necesidad de evaluar y coordinar respuestas institucionales frente a dos problem\u00e1ticas de impacto nacional y regional.<\/p>\n\n\n\n<p>Temas prioritarios en la agenda<\/p>\n\n\n\n<p>La convocatoria, que re\u00fane a representantes de diversos organismos estatales, fuerzas de seguridad y autoridades locales, se centrar\u00e1 en dos ejes fundamentales:<\/p>\n\n\n\n<p>D\u00e9ficit h\u00eddrico: Se analizar\u00e1 el estado de las reservas de agua en el departamento y se evaluar\u00e1n posibles medidas de asistencia para los sectores m\u00e1s afectados por la escasez de lluvias.<\/p>\n\n\n\n<p>Gripe aviar: Ante la emergencia sanitaria vigente, el Comit\u00e9 repasar\u00e1 los protocolos de vigilancia, control y prevenci\u00f3n para evitar la propagaci\u00f3n del virus en la zona.<\/p>\n\n\n\n<p>Esta instancia busca fortalecer la articulaci\u00f3n entre las instituciones para dar una respuesta r\u00e1pida y efectiva a los desaf\u00edos ambientales y sanitarios que enfrenta el departamento de Colonia en el inicio del mes de marzo.<\/p>\n","protected":false},"excerpt":{"rendered":"<p>El encuentro tendr\u00e1 lugar este lunes en el Palacio de Gobierno Departamental. Autoridades coordinar\u00e1n acciones ante la situaci\u00f3n sanitaria y clim\u00e1tica que afecta a la regi\u00f3n. Este lunes 2 de marzo, a partir de las 15:00 horas, el Centro de Coordinaci\u00f3n de Emergencias Departamental (CECOED) de Colonia mantendr\u00e1 una reuni\u00f3n clave en el Sal\u00f3n de [&hellip;]<\/p>\n","protected":false},"author":2,"featured_media":7112,"comment_status":"closed","ping_status":"closed","sticky":false,"template":"","format":"standard","meta":{"pagelayer_contact_templates":[],"_pagelayer_content":"","footnotes":""},"categories":[194],"tags":[],"class_list":["post-7111","post","type-post","status-publish","format-standard","has-post-thumbnail","hentry","category-salud"],"amp_enabled":true,"_links":{"self":[{"href":"https:\/\/tododeporteynoticiasuruguay.com.uy\/new\/wp-json\/wp\/v2\/posts\/7111","targetHints":{"allow":["GET"]}}],"collection":[{"href":"https:\/\/tododeporteynoticiasuruguay.com.uy\/new\/wp-json\/wp\/v2\/posts"}],"about":[{"href":"https:\/\/tododeporteynoticiasuruguay.com.uy\/new\/wp-json\/wp\/v2\/types\/post"}],"author":[{"embeddable":true,"href":"https:\/\/tododeporteynoticiasuruguay.com.uy\/new\/wp-json\/wp\/v2\/users\/2"}],"replies":[{"embeddable":true,"href":"https:\/\/tododeporteynoticiasuruguay.com.uy\/new\/wp-json\/wp\/v2\/comments?post=7111"}],"version-history":[{"count":1,"href":"https:\/\/tododeporteynoticiasuruguay.com.uy\/new\/wp-json\/wp\/v2\/posts\/7111\/revisions"}],"predecessor-version":[{"id":7113,"href":"https:\/\/tododeporteynoticiasuruguay.com.uy\/new\/wp-json\/wp\/v2\/posts\/7111\/revisions\/7113"}],"wp:featuredmedia":[{"embeddable":true,"href":"https:\/\/tododeporteynoticiasuruguay.com.uy\/new\/wp-json\/wp\/v2\/media\/7112"}],"wp:attachment":[{"href":"https:\/\/tododeporteynoticiasuruguay.com.uy\/new\/wp-json\/wp\/v2\/media?parent=7111"}],"wp:term":[{"taxonomy":"category","embeddable":true,"href":"https:\/\/tododeporteynoticiasuruguay.com.uy\/new\/wp-json\/wp\/v2\/categories?post=7111"},{"taxonomy":"post_tag","embeddable":true,"href":"https:\/\/tododeporteynoticiasuruguay.com.uy\/new\/wp-json\/wp\/v2\/tags?post=7111"}],"curies":[{"name":"wp","href":"https:\/\/api.w.org\/{rel}","templated":true}]}}