{"id":5868,"date":"2026-01-22T16:22:58","date_gmt":"2026-01-22T19:22:58","guid":{"rendered":"https:\/\/tododeporteynoticiasuruguay.com.uy\/new\/?p=5868"},"modified":"2026-01-22T16:23:43","modified_gmt":"2026-01-22T19:23:43","slug":"uruguay-llega-a-fitur-2026-con-cifras-alentadoras","status":"publish","type":"post","link":"https:\/\/tododeporteynoticiasuruguay.com.uy\/new\/2026\/01\/22\/uruguay-llega-a-fitur-2026-con-cifras-alentadoras\/","title":{"rendered":"Uruguay llega a FITUR 2026 con cifras alentadoras"},"content":{"rendered":"\n<p>Uruguay se encuentra participando en la Feria Internacional de Turismo (FITUR), la cita inaugural del calendario mundial y plataforma l\u00edder para Iberoam\u00e9rica, tras confirmar un a\u00f1o de crecimiento en el mercado espa\u00f1ol.<br>La delegaci\u00f3n oficial, encabezada por el Ministro de Turismo, Pablo Menoni, y el Director Nacional, Cristian Pos, arriba a la feria con indicadores alentadores. Seg\u00fan datos de la Direcci\u00f3n de Investigaci\u00f3n y Estad\u00edsticas Tur\u00edsticas, el mercado espa\u00f1ol increment\u00f3 el gasto total un 59%, superando los 58 millones de d\u00f3lares.<\/p>\n\n\n\n<p>A nivel de afluencia, Uruguay recibi\u00f3 55.886 visitantes residentes en Espa\u00f1a, lo que representa un incremento del 10,5% interanual. Sin embargo, el cambio m\u00e1s significativo radica en el comportamiento: la estad\u00eda promedio se extendi\u00f3 de 10,2 a 14,2 d\u00edas, evidenciando un mayor inter\u00e9s por recorrer el pa\u00eds en profundidad.<\/p>\n\n\n\n<p>Este dinamismo se reflej\u00f3 tambi\u00e9n en una marcada descentralizaci\u00f3n y diversificaci\u00f3n del perfil tur\u00edstico:<\/p>\n\n\n\n<p>Descentralizaci\u00f3n y nuevos destinos: Si bien Montevideo se mantiene como la puerta de entrada principal (53%), el mayor dinamismo se traslad\u00f3 al interior. Se registraron aumentos notables en zonas no tradicionales (+93%) y Colonia (+91%). Esta b\u00fasqueda de nuevas experiencias tambi\u00e9n benefici\u00f3 al corredor atl\u00e1ntico, con crecimientos en Punta del Este (26%) y Piri\u00e1polis (19%).<\/p>\n\n\n\n<p>Diversificaci\u00f3n Etaria: Se ampli\u00f3 la base demogr\u00e1fica con un aumento del 59% en el segmento joven (18-29 a\u00f1os) y un notable 144% en los mayores de 65 a\u00f1os.<\/p>\n\n\n\n<p>Bajo la premisa \u201cUruguay sorprende, viv\u00ed m\u00e1s de lo que imagin\u00e1s\u201d, el pa\u00eds despliega en FITUR una oferta encabezada por su diversa agenda cultural: los 300 a\u00f1os de Montevideo con espacios renovados , la riqueza patrimonial de la Ruta UNESCO -que une tango, candombe, el casco hist\u00f3rico de Colonia, el paisaje industrial del Frigor\u00edfico Anglo y la obra de Eladio Dieste en Atl\u00e1ntida.<\/p>\n\n\n\n<p>Esta oferta patrimonial dialoga con una gastronom\u00eda que ha evolucionado entre la tradici\u00f3n y la innovaci\u00f3n: trascendiendo el cl\u00e1sico asado, invitando a descubrir los secretos de la paella uruguaya en la costa y a recorrer rutas de enoturismo y olivares de calidad premium.<\/p>\n\n\n\n<p>La propuesta tambien se completa con esfuerzos conjuntos a trav\u00e9s de la marca Visit South Am\u00e9rica, inmersiones en naturaleza y turismo rural , opciones especializadas para segmentos MICE, LGBT+, Deportivo y Turismo Accesible , as\u00ed como nuevas herramientas de innovaci\u00f3n digital , todo potenciado por beneficios fiscales que hacen del destino una opci\u00f3n competitiva y diversa.<\/p>\n\n\n\n<p>Sinergia p\u00fablico-privada<\/p>\n\n\n\n<p>Bajo la premisa de \u00abllevarse un pedacito de pa\u00eds\u00bb, el stand de Uruguay funcionar\u00e1 como una embajada de los sentidos gracias a la colaboraci\u00f3n estrat\u00e9gica con empresas nacionales que aportan la materia prima de nuestra identidad:<\/p>\n\n\n\n<p>Yerba Mate Canarias: Apoya las \u00abRondas de Mate\u00bb diarias, un espacio de interacci\u00f3n cultural donde se ense\u00f1a la relevancia cutural del mate entre los uruguayos.<\/p>\n\n\n\n<p>Instituto Nacional de Carnes (INAC): Respalda las degustaciones de Chivito, poniendo en valor la trazabilidad y calidad de nuestras carnes.<\/p>\n\n\n\n<p>Los Nietitos: Acompa\u00f1a las tardes de \u00abDulce Celeste\u00bb, promoviendo la tradici\u00f3n de nuestros dulces y alfajores.<\/p>\n\n\n\n<p>Instituto Nacional de Vitivinicultura (INAVI): A trav\u00e9s del sommelier Federico de Moura, presentar\u00e1 los vinos que maridan estas experiencias, destacando al Tannat como bandera de exportaci\u00f3n.<\/p>\n\n\n\n<p>La delegaci\u00f3n oficial cuenta con una fuerte presencia del sector privado y operadores tur\u00edsticos clave para la comercializaci\u00f3n del destino. Adem\u00e1s del Ministerio de Turismo, integran la comitiva: la Intendencia de Montevideo, Personal Operadora, Abtour, Buquebus, Daniel Reyes, Tekoa Viajes, Mowi, Dcom Travel, Jetmar, Furlongincoming y Hotel The Grand. Toda la participaci\u00f3n se realiza en permanente coordinaci\u00f3n con la Embajada de Uruguay en Espa\u00f1a.<\/p>\n\n\n\n<p>Adem\u00e1s de la gastronom\u00eda y los negocios, la agenda institucional incluye el lanzamiento de la plataforma desarrollada en Uruguay \u00abItinerarios Vivos\u00bb, instrumentada en primera instancia por Montevideo, que utiliza Inteligencia Artificial para personalizar la experiencia del viajero. El cierre de las jornadas estar\u00e1 a cargo de la murga Tirando la Bohemia y la Asociaci\u00f3n de Amigos del Candombe, que con distintas propuestas celebrar\u00e1n nuestras ra\u00edces.<\/p>\n\n\n\n<p><\/p>\n","protected":false},"excerpt":{"rendered":"<p>Uruguay se encuentra participando en la Feria Internacional de Turismo (FITUR), la cita inaugural del calendario mundial y plataforma l\u00edder para Iberoam\u00e9rica, tras confirmar un a\u00f1o de crecimiento en el mercado espa\u00f1ol.La delegaci\u00f3n oficial, encabezada por el Ministro de Turismo, Pablo Menoni, y el Director Nacional, Cristian Pos, arriba a la feria con indicadores alentadores. [&hellip;]<\/p>\n","protected":false},"author":2,"featured_media":5869,"comment_status":"open","ping_status":"open","sticky":false,"template":"","format":"standard","meta":{"pagelayer_contact_templates":[],"_pagelayer_content":"","footnotes":""},"categories":[2,304],"tags":[5053,3576],"class_list":["post-5868","post","type-post","status-publish","format-standard","has-post-thumbnail","hentry","category-business","category-turismo","tag-fitur","tag-uy"],"amp_enabled":true,"_links":{"self":[{"href":"https:\/\/tododeporteynoticiasuruguay.com.uy\/new\/wp-json\/wp\/v2\/posts\/5868","targetHints":{"allow":["GET"]}}],"collection":[{"href":"https:\/\/tododeporteynoticiasuruguay.com.uy\/new\/wp-json\/wp\/v2\/posts"}],"about":[{"href":"https:\/\/tododeporteynoticiasuruguay.com.uy\/new\/wp-json\/wp\/v2\/types\/post"}],"author":[{"embeddable":true,"href":"https:\/\/tododeporteynoticiasuruguay.com.uy\/new\/wp-json\/wp\/v2\/users\/2"}],"replies":[{"embeddable":true,"href":"https:\/\/tododeporteynoticiasuruguay.com.uy\/new\/wp-json\/wp\/v2\/comments?post=5868"}],"version-history":[{"count":1,"href":"https:\/\/tododeporteynoticiasuruguay.com.uy\/new\/wp-json\/wp\/v2\/posts\/5868\/revisions"}],"predecessor-version":[{"id":5870,"href":"https:\/\/tododeporteynoticiasuruguay.com.uy\/new\/wp-json\/wp\/v2\/posts\/5868\/revisions\/5870"}],"wp:featuredmedia":[{"embeddable":true,"href":"https:\/\/tododeporteynoticiasuruguay.com.uy\/new\/wp-json\/wp\/v2\/media\/5869"}],"wp:attachment":[{"href":"https:\/\/tododeporteynoticiasuruguay.com.uy\/new\/wp-json\/wp\/v2\/media?parent=5868"}],"wp:term":[{"taxonomy":"category","embeddable":true,"href":"https:\/\/tododeporteynoticiasuruguay.com.uy\/new\/wp-json\/wp\/v2\/categories?post=5868"},{"taxonomy":"post_tag","embeddable":true,"href":"https:\/\/tododeporteynoticiasuruguay.com.uy\/new\/wp-json\/wp\/v2\/tags?post=5868"}],"curies":[{"name":"wp","href":"https:\/\/api.w.org\/{rel}","templated":true}]}}