{"id":5207,"date":"2026-01-10T12:26:01","date_gmt":"2026-01-10T15:26:01","guid":{"rendered":"https:\/\/tododeporteynoticiasuruguay.com.uy\/new\/?p=5207"},"modified":"2026-01-10T12:26:01","modified_gmt":"2026-01-10T15:26:01","slug":"el-gobierno-de-canelones-informa-sobre-intervenciones-debido-al-temporal","status":"publish","type":"post","link":"https:\/\/tododeporteynoticiasuruguay.com.uy\/new\/2026\/01\/10\/el-gobierno-de-canelones-informa-sobre-intervenciones-debido-al-temporal\/","title":{"rendered":"El Gobierno de Canelones informa sobre intervenciones debido al temporal"},"content":{"rendered":"\n<p>El Gobierno de Canelones informa que, a ra\u00edz del temporal registrado bajo la Emergencia N.\u00ba 283 \u2013 Advertencia Amarilla emitida el d\u00eda 09\/01\/2026 a las 11:20 horas, se han registrado 103 solicitudes de intervenci\u00f3n en el departamento.<br>Las mismas se distribuyen de la siguiente manera:<br>\u2022 44 por afectaciones en arbolado<br>\u2022 17 por calles cortadas<br>\u2022 3 por inundaciones<br>\u2022 39 por da\u00f1os en el tendido el\u00e9ctrico<br>Actualmente, 37 solicitudes se encuentran en proceso, 4 ya fueron finalizadas y 62 permanecen pendientes, prioriz\u00e1ndose aquellas que representan mayor riesgo para la poblaci\u00f3n.<br>Las principales afectaciones se concentran en la zona costera, especialmente por la ca\u00edda de \u00e1rboles. Equipos de la Intendencia, en coordinaci\u00f3n con el CECOED Canelones, se encuentran trabajando en distintas zonas del departamento para atender las situaciones reportadas y restablecer las condiciones de seguridad lo antes posible.<br>Se solicita a la poblaci\u00f3n extremar precauciones y realizar los reportes correspondientes a trav\u00e9s de los canales habituales.<\/p>\n\n\n\n<p><\/p>\n","protected":false},"excerpt":{"rendered":"<p>El Gobierno de Canelones informa que, a ra\u00edz del temporal registrado bajo la Emergencia N.\u00ba 283 \u2013 Advertencia Amarilla emitida el d\u00eda 09\/01\/2026 a las 11:20 horas, se han registrado 103 solicitudes de intervenci\u00f3n en el departamento.Las mismas se distribuyen de la siguiente manera:\u2022 44 por afectaciones en arbolado\u2022 17 por calles cortadas\u2022 3 por [&hellip;]<\/p>\n","protected":false},"author":2,"featured_media":5208,"comment_status":"open","ping_status":"open","sticky":false,"template":"","format":"standard","meta":{"pagelayer_contact_templates":[],"_pagelayer_content":"","footnotes":""},"categories":[5],"tags":[514,848,4928,4929,4051],"class_list":["post-5207","post","type-post","status-publish","format-standard","has-post-thumbnail","hentry","category-politica","tag-canelones","tag-gobierno","tag-informa","tag-intervencones","tag-temporal"],"amp_enabled":true,"_links":{"self":[{"href":"https:\/\/tododeporteynoticiasuruguay.com.uy\/new\/wp-json\/wp\/v2\/posts\/5207","targetHints":{"allow":["GET"]}}],"collection":[{"href":"https:\/\/tododeporteynoticiasuruguay.com.uy\/new\/wp-json\/wp\/v2\/posts"}],"about":[{"href":"https:\/\/tododeporteynoticiasuruguay.com.uy\/new\/wp-json\/wp\/v2\/types\/post"}],"author":[{"embeddable":true,"href":"https:\/\/tododeporteynoticiasuruguay.com.uy\/new\/wp-json\/wp\/v2\/users\/2"}],"replies":[{"embeddable":true,"href":"https:\/\/tododeporteynoticiasuruguay.com.uy\/new\/wp-json\/wp\/v2\/comments?post=5207"}],"version-history":[{"count":1,"href":"https:\/\/tododeporteynoticiasuruguay.com.uy\/new\/wp-json\/wp\/v2\/posts\/5207\/revisions"}],"predecessor-version":[{"id":5209,"href":"https:\/\/tododeporteynoticiasuruguay.com.uy\/new\/wp-json\/wp\/v2\/posts\/5207\/revisions\/5209"}],"wp:featuredmedia":[{"embeddable":true,"href":"https:\/\/tododeporteynoticiasuruguay.com.uy\/new\/wp-json\/wp\/v2\/media\/5208"}],"wp:attachment":[{"href":"https:\/\/tododeporteynoticiasuruguay.com.uy\/new\/wp-json\/wp\/v2\/media?parent=5207"}],"wp:term":[{"taxonomy":"category","embeddable":true,"href":"https:\/\/tododeporteynoticiasuruguay.com.uy\/new\/wp-json\/wp\/v2\/categories?post=5207"},{"taxonomy":"post_tag","embeddable":true,"href":"https:\/\/tododeporteynoticiasuruguay.com.uy\/new\/wp-json\/wp\/v2\/tags?post=5207"}],"curies":[{"name":"wp","href":"https:\/\/api.w.org\/{rel}","templated":true}]}}