{"id":3680,"date":"2025-10-28T09:51:10","date_gmt":"2025-10-28T12:51:10","guid":{"rendered":"https:\/\/tododeporteynoticiasuruguay.com.uy\/new\/?p=3680"},"modified":"2025-10-28T09:51:11","modified_gmt":"2025-10-28T12:51:11","slug":"mas-de-1-000-monotributistas-sociales-podran-acceder-a-creditos-subsidiados","status":"publish","type":"post","link":"https:\/\/tododeporteynoticiasuruguay.com.uy\/new\/2025\/10\/28\/mas-de-1-000-monotributistas-sociales-podran-acceder-a-creditos-subsidiados\/","title":{"rendered":"M\u00e1s de 1.000 monotributistas sociales podr\u00e1n acceder a cr\u00e9ditos subsidiados"},"content":{"rendered":"\n<p>El programa ofrecer\u00e1 1.110 cr\u00e9ditos de hasta 50.000 pesos con tasas preferenciales para emprendedores de todo el pa\u00eds, a fin de fortalecer iniciativas individuales, familiares, asociativas y cooperativas. El per\u00edodo de postulaci\u00f3n finalizar\u00e1 el 3 de noviembre. El formulario de inscripci\u00f3n est\u00e1 disponible en la web de Rep\u00fablica Microfinanzas.<\/p>\n\n\n\n<p>El Ministerio de Desarrollo Social, junto a Rep\u00fablica Microfinanzas y la Agencia Nacional de Desarrollo (ANDE), realizaron una nueva convocatoria de los cr\u00e9ditos subsidiados dirigida a monotributistas sociales, con el fin de impulsar y consolidar emprendimientos en todo el territorio, as\u00ed como facilitar el acceso a financiamiento en condiciones favorables.<\/p>\n\n\n\n<p>Durante el acto de lanzamiento, el martes 21, el ministro Gonzalo Civila destac\u00f3 la visi\u00f3n de desarrollo colectivo que impulsa esta iniciativa. \u00abNo nos salvamos solos, nos salvamos juntos, cooperando entre nosotros\u00bb. Agreg\u00f3 que el objetivo de la pol\u00edtica p\u00fablica es ayudar a los emprendedores \u00aba que no lo hagan en soledad\u00bb.<\/p>\n\n\n\n<p>Por su parte, tanto el director nacional de Desarrollo Social, Nicol\u00e1s Lasa, como la vicepresidenta del Banco Rep\u00fablica, Adriana Rodr\u00edguez, y la gerenta general de ANDE, Cecilia Parada, coincidieron en subrayar la importancia de la articulaci\u00f3n y la complementariedad dentro del Estado.<\/p>\n\n\n\n<p>Integraci\u00f3n laboral y productiva<br>El l\u00edmite de los cr\u00e9ditos ser\u00e1 de hasta 50.000 pesos un plazo de hasta 18 meses y una tasa final del 10%. Una de las principales innovaciones de esta edici\u00f3n es que contar\u00e1 con cupos por departamento, para asegurar posibilidades en todo el territorio. El per\u00edodo de postulaci\u00f3n comenz\u00f3 el 20 de octubre y finalizar\u00e1 el 3 de noviembre.<\/p>\n\n\n\n<p>El programa dispondr\u00e1 de un total de 1.110 cr\u00e9ditos, lo que equivale a un promedio de 58 cr\u00e9ditos por departamento, con un monto m\u00e1ximo de 50.000 pesos uruguayos por emprendedor y una tasa de inter\u00e9s subsidiada del 10%.<\/p>\n\n\n\n<p>El formulario de inscripci\u00f3n est\u00e1 habilitado en la web de Rep\u00fablica Microfinanzas. Por m\u00e1s informaci\u00f3n, los interesados pueden comunicarse a la central telef\u00f3nica 0800 6040 o acercarse a los equipos territoriales del Ministerio de Desarrollo Social.<\/p>\n","protected":false},"excerpt":{"rendered":"<p>El programa ofrecer\u00e1 1.110 cr\u00e9ditos de hasta 50.000 pesos con tasas preferenciales para emprendedores de todo el pa\u00eds, a fin de fortalecer iniciativas individuales, familiares, asociativas y cooperativas. El per\u00edodo de postulaci\u00f3n finalizar\u00e1 el 3 de noviembre. El formulario de inscripci\u00f3n est\u00e1 disponible en la web de Rep\u00fablica Microfinanzas. El Ministerio de Desarrollo Social, junto [&hellip;]<\/p>\n","protected":false},"author":2,"featured_media":3681,"comment_status":"open","ping_status":"open","sticky":false,"template":"","format":"standard","meta":{"pagelayer_contact_templates":[],"_pagelayer_content":"","footnotes":""},"categories":[184],"tags":[3776,2379,1357,425,3775,1355,1701,3777],"class_list":["post-3680","post","type-post","status-publish","format-standard","has-post-thumbnail","hentry","category-oficial","tag-acceden","tag-ande","tag-creditos","tag-mides","tag-monotributistas","tag-programa","tag-sociales","tag-subsidiados"],"amp_enabled":true,"_links":{"self":[{"href":"https:\/\/tododeporteynoticiasuruguay.com.uy\/new\/wp-json\/wp\/v2\/posts\/3680","targetHints":{"allow":["GET"]}}],"collection":[{"href":"https:\/\/tododeporteynoticiasuruguay.com.uy\/new\/wp-json\/wp\/v2\/posts"}],"about":[{"href":"https:\/\/tododeporteynoticiasuruguay.com.uy\/new\/wp-json\/wp\/v2\/types\/post"}],"author":[{"embeddable":true,"href":"https:\/\/tododeporteynoticiasuruguay.com.uy\/new\/wp-json\/wp\/v2\/users\/2"}],"replies":[{"embeddable":true,"href":"https:\/\/tododeporteynoticiasuruguay.com.uy\/new\/wp-json\/wp\/v2\/comments?post=3680"}],"version-history":[{"count":1,"href":"https:\/\/tododeporteynoticiasuruguay.com.uy\/new\/wp-json\/wp\/v2\/posts\/3680\/revisions"}],"predecessor-version":[{"id":3682,"href":"https:\/\/tododeporteynoticiasuruguay.com.uy\/new\/wp-json\/wp\/v2\/posts\/3680\/revisions\/3682"}],"wp:featuredmedia":[{"embeddable":true,"href":"https:\/\/tododeporteynoticiasuruguay.com.uy\/new\/wp-json\/wp\/v2\/media\/3681"}],"wp:attachment":[{"href":"https:\/\/tododeporteynoticiasuruguay.com.uy\/new\/wp-json\/wp\/v2\/media?parent=3680"}],"wp:term":[{"taxonomy":"category","embeddable":true,"href":"https:\/\/tododeporteynoticiasuruguay.com.uy\/new\/wp-json\/wp\/v2\/categories?post=3680"},{"taxonomy":"post_tag","embeddable":true,"href":"https:\/\/tododeporteynoticiasuruguay.com.uy\/new\/wp-json\/wp\/v2\/tags?post=3680"}],"curies":[{"name":"wp","href":"https:\/\/api.w.org\/{rel}","templated":true}]}}