{"id":2943,"date":"2025-09-28T15:32:02","date_gmt":"2025-09-28T18:32:02","guid":{"rendered":"https:\/\/tododeporteynoticiasuruguay.com.uy\/new\/?p=2943"},"modified":"2025-09-28T15:32:03","modified_gmt":"2025-09-28T18:32:03","slug":"llamadas-de-admision-en-el-prado-de-montevideo","status":"publish","type":"post","link":"https:\/\/tododeporteynoticiasuruguay.com.uy\/new\/2025\/09\/28\/llamadas-de-admision-en-el-prado-de-montevideo\/","title":{"rendered":"Llamadas de admisi\u00f3n en el Prado de Montevideo"},"content":{"rendered":"\n<p>Orden del desfile<\/p>\n\n\n\n<p>Desfilar\u00e1n 20 comparsas el domingo 28 de setiembre y 20 comparsas el s\u00e1bado 04 de octubre.<\/p>\n\n\n\n<p>El orden ser\u00e1 el siguiente:<\/p>\n\n\n\n<p>Domingo 28 de setiembre<\/p>\n\n\n\n<p>La Sene Candombera<br>Afrocan<br>Lonjas de Vera<br>Rugir del Varona<br>Makenna<br>Eco de tambores<br>Son del Norte<br>La Mulata<br>Tacuandombe<br>Lonjas de Ciudad Vieja<br>Makondo<br>Hechiceros<br>Uganda<br>Mandela<br>La Malunga<br>CLB Lonjas de Belgrano<br>La Bambula<br>Lonjas del Inve<br>Ubuntu<br>Malanque<\/p>\n\n\n\n<p>S\u00e1bado 4 de octubre<\/p>\n\n\n\n<p>Zumbae<br>Rosario 250<br>La Negra<br>Kimbund\u00fa<br>Kind\u00fa<br>Rugir del Puerto<br>De San Carlos<br>Hay q\u00b4 darle<br>La Covacha<br>Fortaleza Candombera<br>La Sombra Candombe<br>La V\u00eda<br>La Dionisio D\u00edaz<br>El Vacil\u00f3n de Rieles<br>Son Candomberos<br>Lonjas de San Marcos<br>La Colmena<br>Al son de tula<br>Son del Sur<br>Kalumkembe<br>El jurado estar\u00e1 integrado por:<\/p>\n\n\n\n<p>Rubro 1: cuerda: Alejandro Simone, Leticia Tazzi, Julio Gonz\u00e1lez.<br>Rubro 2: cuerpo de baile &#8211; desplazamiento y expresi\u00f3n corporal &#8211; personajes t\u00edpicos:<br>Rafael Mart\u00ednez, Angela Ram\u00edrez, Claudia Gisel Silva \u201cMichelle\u201d.<br>Rubro 3: visi\u00f3n global: \u00c1lvaro Marotta, Mariela Gotuzzo.<br>La Presidencia del Jurado estar\u00e1 a cargo de Alfredo Leir\u00f3s.<\/p>\n","protected":false},"excerpt":{"rendered":"<p>Orden del desfile Desfilar\u00e1n 20 comparsas el domingo 28 de setiembre y 20 comparsas el s\u00e1bado 04 de octubre. El orden ser\u00e1 el siguiente: Domingo 28 de setiembre La Sene CandomberaAfrocanLonjas de VeraRugir del VaronaMakennaEco de tamboresSon del NorteLa MulataTacuandombeLonjas de Ciudad ViejaMakondoHechicerosUgandaMandelaLa MalungaCLB Lonjas de BelgranoLa BambulaLonjas del InveUbuntuMalanque S\u00e1bado 4 de octubre ZumbaeRosario [&hellip;]<\/p>\n","protected":false},"author":2,"featured_media":2944,"comment_status":"open","ping_status":"open","sticky":false,"template":"","format":"standard","meta":{"pagelayer_contact_templates":[],"_pagelayer_content":"","footnotes":""},"categories":[612],"tags":[3092,3090,3094,3108,841,3098,3104,3109,3107,3100,3093,778,3102,3095,3110,3097,3103,3112,3106,266,2559,3096,3099,3101,3111,3105],"class_list":["post-2943","post","type-post","status-publish","format-standard","has-post-thumbnail","hentry","category-cultura","tag-3092","tag-admision","tag-afroca","tag-clb-lonjas-belgrano","tag-domingo","tag-eco-de-tambores","tag-hechiceros","tag-la-bambula","tag-la-malunga","tag-la-mulata","tag-la-sene-candombera","tag-llamadas","tag-lonjas-de-ciudad-vieja","tag-lonjas-de-vera","tag-lonjas-del-inve","tag-makenna","tag-makondo","tag-malanque","tag-mandela","tag-montevideo","tag-prado","tag-rugir-de-varona","tag-son-del-norte","tag-tacuandombe","tag-ubuntu","tag-uganda"],"amp_enabled":true,"_links":{"self":[{"href":"https:\/\/tododeporteynoticiasuruguay.com.uy\/new\/wp-json\/wp\/v2\/posts\/2943","targetHints":{"allow":["GET"]}}],"collection":[{"href":"https:\/\/tododeporteynoticiasuruguay.com.uy\/new\/wp-json\/wp\/v2\/posts"}],"about":[{"href":"https:\/\/tododeporteynoticiasuruguay.com.uy\/new\/wp-json\/wp\/v2\/types\/post"}],"author":[{"embeddable":true,"href":"https:\/\/tododeporteynoticiasuruguay.com.uy\/new\/wp-json\/wp\/v2\/users\/2"}],"replies":[{"embeddable":true,"href":"https:\/\/tododeporteynoticiasuruguay.com.uy\/new\/wp-json\/wp\/v2\/comments?post=2943"}],"version-history":[{"count":1,"href":"https:\/\/tododeporteynoticiasuruguay.com.uy\/new\/wp-json\/wp\/v2\/posts\/2943\/revisions"}],"predecessor-version":[{"id":2945,"href":"https:\/\/tododeporteynoticiasuruguay.com.uy\/new\/wp-json\/wp\/v2\/posts\/2943\/revisions\/2945"}],"wp:featuredmedia":[{"embeddable":true,"href":"https:\/\/tododeporteynoticiasuruguay.com.uy\/new\/wp-json\/wp\/v2\/media\/2944"}],"wp:attachment":[{"href":"https:\/\/tododeporteynoticiasuruguay.com.uy\/new\/wp-json\/wp\/v2\/media?parent=2943"}],"wp:term":[{"taxonomy":"category","embeddable":true,"href":"https:\/\/tododeporteynoticiasuruguay.com.uy\/new\/wp-json\/wp\/v2\/categories?post=2943"},{"taxonomy":"post_tag","embeddable":true,"href":"https:\/\/tododeporteynoticiasuruguay.com.uy\/new\/wp-json\/wp\/v2\/tags?post=2943"}],"curies":[{"name":"wp","href":"https:\/\/api.w.org\/{rel}","templated":true}]}}