{"id":2238,"date":"2025-08-24T10:32:20","date_gmt":"2025-08-24T13:32:20","guid":{"rendered":"https:\/\/tododeporteynoticiasuruguay.com.uy\/new\/?p=2238"},"modified":"2025-08-24T10:32:20","modified_gmt":"2025-08-24T13:32:20","slug":"maldonado-instala-sistema-innovador-de-emergencias-en-el-arboretum-lussich","status":"publish","type":"post","link":"https:\/\/tododeporteynoticiasuruguay.com.uy\/new\/2025\/08\/24\/maldonado-instala-sistema-innovador-de-emergencias-en-el-arboretum-lussich\/","title":{"rendered":"Maldonado instala sistema innovador de emergencias en el Arboretum Lussich"},"content":{"rendered":"\n<p>La Intendencia de Maldonado, junto al SINAE y otros organismos, instal\u00f3 el primer sistema de emergencias alimentado por energ\u00eda solar en el Arboretum Lussich. El equipo, equipado con router 4G, permitir\u00e1 reportar informaci\u00f3n en tiempo real, enviar alertas inmediatas y transmitir audios en vivo. Adem\u00e1s, se prev\u00e9 sumar carteler\u00eda informativa y un helipuerto para operaciones a\u00e9reas en coordinaci\u00f3n con la Armada Nacional. La iniciativa busca fortalecer la seguridad ciudadana y mejorar la respuesta ante emergencias en un \u00e1rea ambiental y patrimonial clave del departamento.<\/p>\n","protected":false},"excerpt":{"rendered":"<p>La Intendencia de Maldonado, junto al SINAE y otros organismos, instal\u00f3 el primer sistema de emergencias alimentado por energ\u00eda solar en el Arboretum Lussich. El equipo, equipado con router 4G, permitir\u00e1 reportar informaci\u00f3n en tiempo real, enviar alertas inmediatas y transmitir audios en vivo. Adem\u00e1s, se prev\u00e9 sumar carteler\u00eda informativa y un helipuerto para operaciones [&hellip;]<\/p>\n","protected":false},"author":2,"featured_media":2239,"comment_status":"open","ping_status":"open","sticky":false,"template":"","format":"standard","meta":{"pagelayer_contact_templates":[],"_pagelayer_content":"","footnotes":""},"categories":[5],"tags":[2067,2070,2069,495,2068,267,377],"class_list":["post-2238","post","type-post","status-publish","format-standard","has-post-thumbnail","hentry","category-politica","tag-arboretum","tag-emergencias","tag-equipo","tag-intendencia","tag-lussich","tag-maldonado","tag-sinae"],"amp_enabled":true,"_links":{"self":[{"href":"https:\/\/tododeporteynoticiasuruguay.com.uy\/new\/wp-json\/wp\/v2\/posts\/2238","targetHints":{"allow":["GET"]}}],"collection":[{"href":"https:\/\/tododeporteynoticiasuruguay.com.uy\/new\/wp-json\/wp\/v2\/posts"}],"about":[{"href":"https:\/\/tododeporteynoticiasuruguay.com.uy\/new\/wp-json\/wp\/v2\/types\/post"}],"author":[{"embeddable":true,"href":"https:\/\/tododeporteynoticiasuruguay.com.uy\/new\/wp-json\/wp\/v2\/users\/2"}],"replies":[{"embeddable":true,"href":"https:\/\/tododeporteynoticiasuruguay.com.uy\/new\/wp-json\/wp\/v2\/comments?post=2238"}],"version-history":[{"count":1,"href":"https:\/\/tododeporteynoticiasuruguay.com.uy\/new\/wp-json\/wp\/v2\/posts\/2238\/revisions"}],"predecessor-version":[{"id":2240,"href":"https:\/\/tododeporteynoticiasuruguay.com.uy\/new\/wp-json\/wp\/v2\/posts\/2238\/revisions\/2240"}],"wp:featuredmedia":[{"embeddable":true,"href":"https:\/\/tododeporteynoticiasuruguay.com.uy\/new\/wp-json\/wp\/v2\/media\/2239"}],"wp:attachment":[{"href":"https:\/\/tododeporteynoticiasuruguay.com.uy\/new\/wp-json\/wp\/v2\/media?parent=2238"}],"wp:term":[{"taxonomy":"category","embeddable":true,"href":"https:\/\/tododeporteynoticiasuruguay.com.uy\/new\/wp-json\/wp\/v2\/categories?post=2238"},{"taxonomy":"post_tag","embeddable":true,"href":"https:\/\/tododeporteynoticiasuruguay.com.uy\/new\/wp-json\/wp\/v2\/tags?post=2238"}],"curies":[{"name":"wp","href":"https:\/\/api.w.org\/{rel}","templated":true}]}}